{"id":29854,"date":"2026-03-11T07:36:21","date_gmt":"2026-03-11T10:36:21","guid":{"rendered":"https:\/\/diariorepublica.com.ar\/web\/?p=29854"},"modified":"2026-03-11T07:36:23","modified_gmt":"2026-03-11T10:36:23","slug":"primer-caso-de-chikungunya-en-catamarca","status":"publish","type":"post","link":"https:\/\/diariorepublica.com.ar\/web\/index.php\/locales\/2026\/03\/11\/primer-caso-de-chikungunya-en-catamarca\/","title":{"rendered":"Primer caso de chikungunya en Catamarca"},"content":{"rendered":"<p>El Ministerio de Salud de la Provincia informa la confirmaci\u00f3n del primer caso de Chikungunya en Catamarca. Se trata de una paciente de sexo femenino, de 40 a\u00f1os de edad, domiciliada en Zona Este de la Capital, que present\u00f3 un cuadro compatible con la enfermedad y que actualmente se encuentra cl\u00ednicamente estable, con evoluci\u00f3n favorable.<\/p>\n<p>La paciente no presenta comorbilidades, no registra antecedentes de viaje ni contacto con viajeros, y no cuenta con antecedentes de dengue previo.<\/p>\n<p>En el marco del seguimiento epidemiol\u00f3gico, se identific\u00f3 un conviviente menor de edad que present\u00f3 s\u00edntomas compatibles, por lo que se encuentra bajo evaluaci\u00f3n y seguimiento por parte del equipo de salud. El resto de los convivientes no presenta s\u00edntomas hasta el momento.<\/p>\n<p>A partir de la notificaci\u00f3n del caso, el equipo de salud activ\u00f3 los protocolos correspondientes de vigilancia epidemiol\u00f3gica con el objetivo de prevenir nuevos contagios.<\/p>\n<p>En este marco, se realizar\u00e1n acciones de control focal y bloqueo sanitario en la zona, las cuales se llevar\u00e1n adelante cuando las condiciones clim\u00e1ticas lo permitan, a fin de garantizar la efectividad de las tareas.<\/p>\n<p>En este sentido, el Ministerio de Salud destaca la importancia de reforzar las medidas de prevenci\u00f3n, fundamentales para evitar la proliferaci\u00f3n del mosquito:<\/p>\n<p>-Eliminar recipientes que acumulen agua en patios, techos y alrededores de las viviendas.<\/p>\n<p>-Mantener limpios y desmalezados los espacios exteriores.<\/p>\n<p>-Tapar tanques y dep\u00f3sitos de agua.<\/p>\n<p>-Cambiar diariamente el agua de floreros y bebederos de animales.<\/p>\n<p>-Utilizar repelente y protegerse de las picaduras de mosquitos, especialmente durante el d\u00eda.<\/p>\n<p>-Vestimenta: Usar ropa clara que cubra brazos y piernas, especialmente al aire libre.<\/p>\n<p>Asimismo, se recomienda consultar de inmediato al sistema de salud ante la aparici\u00f3n de fiebre, dolor intenso en las articulaciones u otros s\u00edntomas compatibles.<\/p>\n","protected":false},"excerpt":{"rendered":"<p>El Ministerio de Salud de la Provincia informa la confirmaci\u00f3n del primer caso de Chikungunya en Catamarca. Se trata de<\/p>\n","protected":false},"author":1,"featured_media":29855,"comment_status":"closed","ping_status":"closed","sticky":false,"template":"","format":"standard","meta":{"footnotes":"","jetpack_publicize_message":"","jetpack_publicize_feature_enabled":true,"jetpack_social_post_already_shared":true,"jetpack_social_options":{"image_generator_settings":{"template":"highway","enabled":false},"version":2}},"categories":[2],"tags":[],"class_list":["post-29854","post","type-post","status-publish","format-standard","has-post-thumbnail","hentry","category-locales"],"jetpack_publicize_connections":[],"_links":{"self":[{"href":"https:\/\/diariorepublica.com.ar\/web\/index.php\/wp-json\/wp\/v2\/posts\/29854"}],"collection":[{"href":"https:\/\/diariorepublica.com.ar\/web\/index.php\/wp-json\/wp\/v2\/posts"}],"about":[{"href":"https:\/\/diariorepublica.com.ar\/web\/index.php\/wp-json\/wp\/v2\/types\/post"}],"author":[{"embeddable":true,"href":"https:\/\/diariorepublica.com.ar\/web\/index.php\/wp-json\/wp\/v2\/users\/1"}],"replies":[{"embeddable":true,"href":"https:\/\/diariorepublica.com.ar\/web\/index.php\/wp-json\/wp\/v2\/comments?post=29854"}],"version-history":[{"count":1,"href":"https:\/\/diariorepublica.com.ar\/web\/index.php\/wp-json\/wp\/v2\/posts\/29854\/revisions"}],"predecessor-version":[{"id":29856,"href":"https:\/\/diariorepublica.com.ar\/web\/index.php\/wp-json\/wp\/v2\/posts\/29854\/revisions\/29856"}],"wp:featuredmedia":[{"embeddable":true,"href":"https:\/\/diariorepublica.com.ar\/web\/index.php\/wp-json\/wp\/v2\/media\/29855"}],"wp:attachment":[{"href":"https:\/\/diariorepublica.com.ar\/web\/index.php\/wp-json\/wp\/v2\/media?parent=29854"}],"wp:term":[{"taxonomy":"category","embeddable":true,"href":"https:\/\/diariorepublica.com.ar\/web\/index.php\/wp-json\/wp\/v2\/categories?post=29854"},{"taxonomy":"post_tag","embeddable":true,"href":"https:\/\/diariorepublica.com.ar\/web\/index.php\/wp-json\/wp\/v2\/tags?post=29854"}],"curies":[{"name":"wp","href":"https:\/\/api.w.org\/{rel}","templated":true}]}}