{"id":29857,"date":"2026-03-11T05:39:00","date_gmt":"2026-03-11T08:39:00","guid":{"rendered":"https:\/\/diariorepublica.com.ar\/web\/?p=29857"},"modified":"2026-03-11T07:43:25","modified_gmt":"2026-03-11T10:43:25","slug":"suspenden-las-clases-en-5-departamentos-por-las-inclemencias-climaticas","status":"publish","type":"post","link":"https:\/\/diariorepublica.com.ar\/web\/index.php\/locales\/2026\/03\/11\/suspenden-las-clases-en-5-departamentos-por-las-inclemencias-climaticas\/","title":{"rendered":"Suspenden las clases en 5 departamentos por las inclemencias clim\u00e1ticas"},"content":{"rendered":"<p>Como consecuencia de las inclemencias clim\u00e1ticas registradas en distintos sectores de la Provincia, el Ministerio de Educaci\u00f3n inform\u00f3 la suspensi\u00f3n de las actividades presenciales en los establecimientos educativos de gesti\u00f3n p\u00fablica y privada.<\/p>\n<p>La medida es por d\u00eda mi\u00e9rcoles 11 de marzo de 2026, en las siguientes localidades y zonas:<br \/>\n\u2022\u00a0\u00a0 \u00a0Departamento Ancasti en su conjunto.<br \/>\n\u2022\u00a0\u00a0 \u00a0Zona premonta\u00f1osa de la ladera este del cord\u00f3n del Ancasti, en el departamento La Paz, comprendida por las rutas provinciales N.\u00ba 7, desde Esqui\u00fa hasta Ica\u00f1o, y desde Ica\u00f1o hasta Anjuli.<br \/>\n\u2022\u00a0\u00a0 \u00a0Departamento Santa Rosa en su conjunto.<br \/>\n\u2022\u00a0\u00a0 \u00a0Departamento El Alto en su conjunto.<br \/>\n\u2022\u00a0\u00a0 \u00a0Zona norte del departamento Pacl\u00edn.<\/p>\n<p>La medida se adopta con car\u00e1cter preventivo, a fin de resguardar la seguridad de estudiantes, docentes y personal escolar ante la situaci\u00f3n clim\u00e1tica vigente.<\/p>\n<p>El Ministerio solicita a la comunidad educativa mantenerse informada a trav\u00e9s de los canales oficiales, donde se comunicar\u00e1n oportunamente las novedades que pudieran surgir.<\/p>\n","protected":false},"excerpt":{"rendered":"<p>Como consecuencia de las inclemencias clim\u00e1ticas registradas en distintos sectores de la Provincia, el Ministerio de Educaci\u00f3n inform\u00f3 la suspensi\u00f3n<\/p>\n","protected":false},"author":1,"featured_media":29858,"comment_status":"closed","ping_status":"closed","sticky":false,"template":"","format":"standard","meta":{"footnotes":"","jetpack_publicize_message":"","jetpack_publicize_feature_enabled":true,"jetpack_social_post_already_shared":true,"jetpack_social_options":{"image_generator_settings":{"template":"highway","enabled":false},"version":2}},"categories":[2],"tags":[],"class_list":["post-29857","post","type-post","status-publish","format-standard","has-post-thumbnail","hentry","category-locales"],"jetpack_publicize_connections":[],"_links":{"self":[{"href":"https:\/\/diariorepublica.com.ar\/web\/index.php\/wp-json\/wp\/v2\/posts\/29857"}],"collection":[{"href":"https:\/\/diariorepublica.com.ar\/web\/index.php\/wp-json\/wp\/v2\/posts"}],"about":[{"href":"https:\/\/diariorepublica.com.ar\/web\/index.php\/wp-json\/wp\/v2\/types\/post"}],"author":[{"embeddable":true,"href":"https:\/\/diariorepublica.com.ar\/web\/index.php\/wp-json\/wp\/v2\/users\/1"}],"replies":[{"embeddable":true,"href":"https:\/\/diariorepublica.com.ar\/web\/index.php\/wp-json\/wp\/v2\/comments?post=29857"}],"version-history":[{"count":1,"href":"https:\/\/diariorepublica.com.ar\/web\/index.php\/wp-json\/wp\/v2\/posts\/29857\/revisions"}],"predecessor-version":[{"id":29859,"href":"https:\/\/diariorepublica.com.ar\/web\/index.php\/wp-json\/wp\/v2\/posts\/29857\/revisions\/29859"}],"wp:featuredmedia":[{"embeddable":true,"href":"https:\/\/diariorepublica.com.ar\/web\/index.php\/wp-json\/wp\/v2\/media\/29858"}],"wp:attachment":[{"href":"https:\/\/diariorepublica.com.ar\/web\/index.php\/wp-json\/wp\/v2\/media?parent=29857"}],"wp:term":[{"taxonomy":"category","embeddable":true,"href":"https:\/\/diariorepublica.com.ar\/web\/index.php\/wp-json\/wp\/v2\/categories?post=29857"},{"taxonomy":"post_tag","embeddable":true,"href":"https:\/\/diariorepublica.com.ar\/web\/index.php\/wp-json\/wp\/v2\/tags?post=29857"}],"curies":[{"name":"wp","href":"https:\/\/api.w.org\/{rel}","templated":true}]}}