{"id":29860,"date":"2026-03-11T07:44:53","date_gmt":"2026-03-11T10:44:53","guid":{"rendered":"https:\/\/diariorepublica.com.ar\/web\/?p=29860"},"modified":"2026-03-11T07:44:55","modified_gmt":"2026-03-11T10:44:55","slug":"se-reprograman-asambleas-docentes-en-el-este-provincial","status":"publish","type":"post","link":"https:\/\/diariorepublica.com.ar\/web\/index.php\/locales\/2026\/03\/11\/se-reprograman-asambleas-docentes-en-el-este-provincial\/","title":{"rendered":"Se reprograman asambleas docentes en el Este provincial"},"content":{"rendered":"<div class=\"data\">\n<div class=\"inner-share-bar cf\">\n<div class=\"item\"><span style=\"font-size: 15px;\">El Ministerio de Educaci\u00f3n inform\u00f3 que, debido a las inclemencias clim\u00e1ticas que afectan actualmente al este de la provincia de Catamarca, se dispuso reprogramar las asambleas docentes correspondientes al Nivel Secundario en todas sus modalidades en las Zonas 8 Santa Rosa \u2013 El Alto y Zona 9 Ancasti \u2013 La Paz.<\/span><\/div>\n<\/div>\n<\/div>\n<div class=\"txt_contenido\">\n<p>En este sentido, las asambleas se realizar\u00e1n el pr\u00f3ximo jueves, manteni\u00e9ndose el horario oportunamente asignado para cada una de las escuelas cabeceras:<br \/>\n\u2022\u00a0\u00a0 \u00a0Zona 8: 14:00 hs<br \/>\n\u2022\u00a0\u00a0 \u00a0Zona 9: 08:00 hs<\/p>\n<p>La medida se adopta con el objetivo de resguardar la seguridad de los docentes y garantizar el normal desarrollo del proceso de cobertura de cargos.<\/p>\n<p>Se solicita a los equipos directivos y a los docentes interesados tomar debida nota de la reprogramaci\u00f3n y mantenerse atentos a los canales oficiales de comunicaci\u00f3n del Ministerio.<\/p>\n<\/div>\n","protected":false},"excerpt":{"rendered":"<p>El Ministerio de Educaci\u00f3n inform\u00f3 que, debido a las inclemencias clim\u00e1ticas que afectan actualmente al este de la provincia de<\/p>\n","protected":false},"author":1,"featured_media":29861,"comment_status":"closed","ping_status":"closed","sticky":false,"template":"","format":"standard","meta":{"footnotes":"","jetpack_publicize_message":"","jetpack_publicize_feature_enabled":true,"jetpack_social_post_already_shared":true,"jetpack_social_options":{"image_generator_settings":{"template":"highway","enabled":false},"version":2}},"categories":[2],"tags":[],"class_list":["post-29860","post","type-post","status-publish","format-standard","has-post-thumbnail","hentry","category-locales"],"jetpack_publicize_connections":[],"_links":{"self":[{"href":"https:\/\/diariorepublica.com.ar\/web\/index.php\/wp-json\/wp\/v2\/posts\/29860"}],"collection":[{"href":"https:\/\/diariorepublica.com.ar\/web\/index.php\/wp-json\/wp\/v2\/posts"}],"about":[{"href":"https:\/\/diariorepublica.com.ar\/web\/index.php\/wp-json\/wp\/v2\/types\/post"}],"author":[{"embeddable":true,"href":"https:\/\/diariorepublica.com.ar\/web\/index.php\/wp-json\/wp\/v2\/users\/1"}],"replies":[{"embeddable":true,"href":"https:\/\/diariorepublica.com.ar\/web\/index.php\/wp-json\/wp\/v2\/comments?post=29860"}],"version-history":[{"count":1,"href":"https:\/\/diariorepublica.com.ar\/web\/index.php\/wp-json\/wp\/v2\/posts\/29860\/revisions"}],"predecessor-version":[{"id":29862,"href":"https:\/\/diariorepublica.com.ar\/web\/index.php\/wp-json\/wp\/v2\/posts\/29860\/revisions\/29862"}],"wp:featuredmedia":[{"embeddable":true,"href":"https:\/\/diariorepublica.com.ar\/web\/index.php\/wp-json\/wp\/v2\/media\/29861"}],"wp:attachment":[{"href":"https:\/\/diariorepublica.com.ar\/web\/index.php\/wp-json\/wp\/v2\/media?parent=29860"}],"wp:term":[{"taxonomy":"category","embeddable":true,"href":"https:\/\/diariorepublica.com.ar\/web\/index.php\/wp-json\/wp\/v2\/categories?post=29860"},{"taxonomy":"post_tag","embeddable":true,"href":"https:\/\/diariorepublica.com.ar\/web\/index.php\/wp-json\/wp\/v2\/tags?post=29860"}],"curies":[{"name":"wp","href":"https:\/\/api.w.org\/{rel}","templated":true}]}}