{"id":29866,"date":"2026-03-11T08:07:07","date_gmt":"2026-03-11T11:07:07","guid":{"rendered":"https:\/\/diariorepublica.com.ar\/web\/?p=29866"},"modified":"2026-03-11T08:07:10","modified_gmt":"2026-03-11T11:07:10","slug":"adorni-explico-el-viaje-de-su-esposa-a-estados-unidos","status":"publish","type":"post","link":"https:\/\/diariorepublica.com.ar\/web\/index.php\/politica\/2026\/03\/11\/adorni-explico-el-viaje-de-su-esposa-a-estados-unidos\/","title":{"rendered":"Adorni explic\u00f3 el viaje de su esposa a Estados Unidos"},"content":{"rendered":"<p><strong>El jefe de Gabinete,\u00a0<\/strong><strong>Manuel Adorni<\/strong>, explic\u00f3 este martes el viaje de su esposa,\u00a0<strong>Bettina Angeletti<\/strong><strong>, a Estados Unidos<\/strong>\u00a0a bordo del avi\u00f3n presidencial.<\/p>\n<p>El funcionario confirm\u00f3 la presencia de su pareja en la aeronave oficial y se\u00f1al\u00f3 que ella\u00a0<strong>ya ten\u00eda previsto viajar a Miami<\/strong>, aunque ese plan se hab\u00eda postergado.<\/p>\n<p><strong>\u201cMi mujer estaba en el avi\u00f3n presidencial\u201d<\/strong>, confirm\u00f3 Adorni durante una entrevista con la se\u00f1al de noticias A24<\/p>\n<p><strong>\u201cMi mujer iba a viajar el 26 de febrero a Miami, pero despu\u00e9s hubo un cambio en el viaje y yo quer\u00eda que me acompa\u00f1e. Presidencia la invit\u00f3. La verdad es que era mi deseo que me acompa\u00f1e\u201d,<\/strong>\u00a0explic\u00f3 el jefe de Gabinete.<\/p>\n<p>Adorni particip\u00f3 en\u00a0<strong>Argentina Week<\/strong>, el evento que se desarrolla del 9 al 12 de marzo en Estados Unidos, donde tambi\u00e9n cuestion\u00f3 al peronismo y lo acus\u00f3 de haber convertido al pa\u00eds en una \u201ctierra arrasada\u201d durante sus a\u00f1os de gesti\u00f3n.<\/p>\n<p title=\"__IP__\" data-ipspy=\"__IP__\">Seg\u00fan el funcionario, el hecho de que su esposa haya viajado en el avi\u00f3n presidencial\u00a0<strong>no implic\u00f3 un costo adicional para el Estado<\/strong>.<\/p>\n<p>\u201cVengo a deslomarme una semana o cinco d\u00edas a Estados Unidos y yo quer\u00eda que mi esposa me acompa\u00f1e porque es mi compa\u00f1era de vida. No le sacamos un peso al Estado. Presidencia la invit\u00f3 a subirse al avi\u00f3n porque si no, no nos \u00edbamos a encontrar\u201d, concluy\u00f3.<\/p>\n<p><iframe loading=\"lazy\" title=\"Dailymotion video player \u2013 Adorni en exclusivo con A24\" src=\"https:\/\/geo.dailymotion.com\/player\/xx206.html?video=xa1og40\" width=\"100%\" height=\"100%\" frameborder=\"0\" allowfullscreen=\"allowfullscreen\" data-td-src-property=\"https:\/\/geo.dailymotion.com\/player\/xx206.html?video=xa1og40\" data-gtm-yt-inspected-8=\"true\" data-gtm-yt-inspected-31521157_77=\"true\"><\/iframe><\/p>\n","protected":false},"excerpt":{"rendered":"<p>El jefe de Gabinete,\u00a0Manuel Adorni, explic\u00f3 este martes el viaje de su esposa,\u00a0Bettina Angeletti, a Estados Unidos\u00a0a bordo del avi\u00f3n<\/p>\n","protected":false},"author":1,"featured_media":29867,"comment_status":"closed","ping_status":"closed","sticky":false,"template":"","format":"standard","meta":{"footnotes":"","jetpack_publicize_message":"","jetpack_publicize_feature_enabled":true,"jetpack_social_post_already_shared":true,"jetpack_social_options":{"image_generator_settings":{"template":"highway","enabled":false},"version":2}},"categories":[12],"tags":[],"class_list":["post-29866","post","type-post","status-publish","format-standard","has-post-thumbnail","hentry","category-politica"],"jetpack_publicize_connections":[],"_links":{"self":[{"href":"https:\/\/diariorepublica.com.ar\/web\/index.php\/wp-json\/wp\/v2\/posts\/29866"}],"collection":[{"href":"https:\/\/diariorepublica.com.ar\/web\/index.php\/wp-json\/wp\/v2\/posts"}],"about":[{"href":"https:\/\/diariorepublica.com.ar\/web\/index.php\/wp-json\/wp\/v2\/types\/post"}],"author":[{"embeddable":true,"href":"https:\/\/diariorepublica.com.ar\/web\/index.php\/wp-json\/wp\/v2\/users\/1"}],"replies":[{"embeddable":true,"href":"https:\/\/diariorepublica.com.ar\/web\/index.php\/wp-json\/wp\/v2\/comments?post=29866"}],"version-history":[{"count":1,"href":"https:\/\/diariorepublica.com.ar\/web\/index.php\/wp-json\/wp\/v2\/posts\/29866\/revisions"}],"predecessor-version":[{"id":29868,"href":"https:\/\/diariorepublica.com.ar\/web\/index.php\/wp-json\/wp\/v2\/posts\/29866\/revisions\/29868"}],"wp:featuredmedia":[{"embeddable":true,"href":"https:\/\/diariorepublica.com.ar\/web\/index.php\/wp-json\/wp\/v2\/media\/29867"}],"wp:attachment":[{"href":"https:\/\/diariorepublica.com.ar\/web\/index.php\/wp-json\/wp\/v2\/media?parent=29866"}],"wp:term":[{"taxonomy":"category","embeddable":true,"href":"https:\/\/diariorepublica.com.ar\/web\/index.php\/wp-json\/wp\/v2\/categories?post=29866"},{"taxonomy":"post_tag","embeddable":true,"href":"https:\/\/diariorepublica.com.ar\/web\/index.php\/wp-json\/wp\/v2\/tags?post=29866"}],"curies":[{"name":"wp","href":"https:\/\/api.w.org\/{rel}","templated":true}]}}