{"id":29869,"date":"2026-03-11T08:18:14","date_gmt":"2026-03-11T11:18:14","guid":{"rendered":"https:\/\/diariorepublica.com.ar\/web\/?p=29869"},"modified":"2026-03-11T08:18:16","modified_gmt":"2026-03-11T11:18:16","slug":"nahuel-gallo-hablo-con-maria-corina-machado-tras-su-liberacion-en-venezuela","status":"publish","type":"post","link":"https:\/\/diariorepublica.com.ar\/web\/index.php\/nacionales\/2026\/03\/11\/nahuel-gallo-hablo-con-maria-corina-machado-tras-su-liberacion-en-venezuela\/","title":{"rendered":"Nahuel Gallo habl\u00f3 con Mar\u00eda Corina Machado tras su liberaci\u00f3n en Venezuela"},"content":{"rendered":"<p>El gendarme argentino\u00a0<strong>Nahuel Gallo,<\/strong>\u00a0que permaneci\u00f3 448 d\u00edas detenido en Venezuela,\u00a0<strong>mantuvo una conversaci\u00f3n telef\u00f3nica con la l\u00edder opositora venezolana Mar\u00eda Corina Machado<\/strong>, una de las principales figuras del antichavismo. La informaci\u00f3n fue confirmada este mi\u00e9rcoles por la activista venezolana<strong>\u00a0Elisa Trotta y por Comando Venezuela<\/strong>, la plataforma pol\u00edtica que encabeza Machado.<\/p>\n<article class=\"article-body\">\n<div class=\"article-content\">\n<div class=\"news-body-paragraph\" data-twitter-link=\"\">\n<p>Gallo recuper\u00f3 la libertad el 1 de marzo, luego de haber pasado m\u00e1s de\u00a0<strong>14 meses detenido e incomunicado en una prisi\u00f3n venezolana<\/strong>, en un caso que gener\u00f3 fuerte repercusi\u00f3n internacional.<\/p>\n<\/div>\n<\/div>\n<\/article>\n<article class=\"article-body par-3\">\n<div class=\"article-content\">\n<div class=\"news-body-paragraph\" data-twitter-link=\"\">\n<p>A trav\u00e9s de su cuenta en la red social X,<strong>\u00a0Elisa Trotta revel\u00f3 detalles de la comunicaci\u00f3n<\/strong>\u00a0entre el gendarme argentino, su pareja y la dirigente opositora venezolana. \u201c<strong>Hoy Nahuel Gallo y Mar\u00eda Alexandra G\u00f3mez conversaron con Mar\u00eda Corina Machado y su equipo<\/strong>\u201d, escribi\u00f3 la activista. En el mismo mensaje, celebr\u00f3 la liberaci\u00f3n del gendarme argentino y pidi\u00f3 que contin\u00faen los reclamos por otros detenidos en Venezuela.<\/p>\n<\/div>\n<\/div>\n<\/article>\n<article class=\"article-body par-4\">\n<div class=\"article-content\">\n<div class=\"news-body-paragraph\" data-twitter-link=\"\">\n<p>\u201c<strong>Es una alegr\u00eda verlo libre, como libres deben ser todos quienes hoy siguen secuestrados en Venezuela<\/strong>\u201d, agreg\u00f3. La plataforma opositora Comando Venezuela tambi\u00e9n difundi\u00f3 tres im\u00e1genes del momento de la llamada, en las que se observa al gendarme junto a su pareja durante la conversaci\u00f3n con la dirigente.<\/p>\n<\/div>\n<\/div>\n<\/article>\n<article class=\"article-body par-5\">\n<div class=\"article-content\">\n<div class=\"news-body-paragraph\" data-twitter-link=\"\">\n<div id=\"embed53_wrap\" class=\"embed_cont type_freetext\" contenteditable=\"false\">\n<div id=\"embed53_content\" class=\"embed_content\">\n<div id=\"embed53_embed\">\n<div class=\"twitter-tweet twitter-tweet-rendered\"><iframe id=\"twitter-widget-0\" class=\"\" title=\"X Post\" src=\"https:\/\/platform.twitter.com\/embed\/Tweet.html?creatorScreenName=A24COM&amp;dnt=false&amp;embedId=twitter-widget-0&amp;features=eyJ0ZndfdGltZWxpbmVfbGlzdCI6eyJidWNrZXQiOltdLCJ2ZXJzaW9uIjpudWxsfSwidGZ3X2ZvbGxvd2VyX2NvdW50X3N1bnNldCI6eyJidWNrZXQiOnRydWUsInZlcnNpb24iOm51bGx9LCJ0ZndfdHdlZXRfZWRpdF9iYWNrZW5kIjp7ImJ1Y2tldCI6Im9uIiwidmVyc2lvbiI6bnVsbH0sInRmd19yZWZzcmNfc2Vzc2lvbiI6eyJidWNrZXQiOiJvbiIsInZlcnNpb24iOm51bGx9LCJ0ZndfZm9zbnJfc29mdF9pbnRlcnZlbnRpb25zX2VuYWJsZWQiOnsiYnVja2V0Ijoib24iLCJ2ZXJzaW9uIjpudWxsfSwidGZ3X21peGVkX21lZGlhXzE1ODk3Ijp7ImJ1Y2tldCI6InRyZWF0bWVudCIsInZlcnNpb24iOm51bGx9LCJ0ZndfZXhwZXJpbWVudHNfY29va2llX2V4cGlyYXRpb24iOnsiYnVja2V0IjoxMjA5NjAwLCJ2ZXJzaW9uIjpudWxsfSwidGZ3X3Nob3dfYmlyZHdhdGNoX3Bpdm90c19lbmFibGVkIjp7ImJ1Y2tldCI6Im9uIiwidmVyc2lvbiI6bnVsbH0sInRmd19kdXBsaWNhdGVfc2NyaWJlc190b19zZXR0aW5ncyI6eyJidWNrZXQiOiJvbiIsInZlcnNpb24iOm51bGx9LCJ0ZndfdXNlX3Byb2ZpbGVfaW1hZ2Vfc2hhcGVfZW5hYmxlZCI6eyJidWNrZXQiOiJvbiIsInZlcnNpb24iOm51bGx9LCJ0ZndfdmlkZW9faGxzX2R5bmFtaWNfbWFuaWZlc3RzXzE1MDgyIjp7ImJ1Y2tldCI6InRydWVfYml0cmF0ZSIsInZlcnNpb24iOm51bGx9LCJ0ZndfbGVnYWN5X3RpbWVsaW5lX3N1bnNldCI6eyJidWNrZXQiOnRydWUsInZlcnNpb24iOm51bGx9LCJ0ZndfdHdlZXRfZWRpdF9mcm9udGVuZCI6eyJidWNrZXQiOiJvbiIsInZlcnNpb24iOm51bGx9fQ%3D%3D&amp;frame=false&amp;hideCard=false&amp;hideThread=false&amp;id=2031474947776827393&amp;lang=es&amp;origin=https%3A%2F%2Fwww.a24.com%2Fpolitica%2Fnahuel-gallo-hablo-maria-corina-machado-su-liberacion-venezuela-es-una-alegria-verlo-n1534719&amp;sessionId=c97f4fa682136e03a569a230bff446fdbdb468bc&amp;siteScreenName=A24COM&amp;theme=light&amp;widgetsVersion=2615f7e52b7e0%3A1702314776716&amp;width=550px\" frameborder=\"0\" scrolling=\"no\" allowfullscreen=\"allowfullscreen\" data-gtm-yt-inspected-8=\"true\" data-gtm-yt-inspected-31521157_77=\"true\" data-tweet-id=\"2031474947776827393\" data-mce-fragment=\"1\"><\/iframe><\/div>\n<\/div>\n<\/div>\n<\/div>\n<\/div>\n<\/div>\n<\/article>\n","protected":false},"excerpt":{"rendered":"<p>El gendarme argentino\u00a0Nahuel Gallo,\u00a0que permaneci\u00f3 448 d\u00edas detenido en Venezuela,\u00a0mantuvo una conversaci\u00f3n telef\u00f3nica con la l\u00edder opositora venezolana Mar\u00eda Corina<\/p>\n","protected":false},"author":1,"featured_media":29870,"comment_status":"closed","ping_status":"closed","sticky":false,"template":"","format":"standard","meta":{"footnotes":"","jetpack_publicize_message":"","jetpack_publicize_feature_enabled":true,"jetpack_social_post_already_shared":true,"jetpack_social_options":{"image_generator_settings":{"template":"highway","enabled":false},"version":2}},"categories":[4],"tags":[],"class_list":["post-29869","post","type-post","status-publish","format-standard","has-post-thumbnail","hentry","category-nacionales"],"jetpack_publicize_connections":[],"_links":{"self":[{"href":"https:\/\/diariorepublica.com.ar\/web\/index.php\/wp-json\/wp\/v2\/posts\/29869"}],"collection":[{"href":"https:\/\/diariorepublica.com.ar\/web\/index.php\/wp-json\/wp\/v2\/posts"}],"about":[{"href":"https:\/\/diariorepublica.com.ar\/web\/index.php\/wp-json\/wp\/v2\/types\/post"}],"author":[{"embeddable":true,"href":"https:\/\/diariorepublica.com.ar\/web\/index.php\/wp-json\/wp\/v2\/users\/1"}],"replies":[{"embeddable":true,"href":"https:\/\/diariorepublica.com.ar\/web\/index.php\/wp-json\/wp\/v2\/comments?post=29869"}],"version-history":[{"count":1,"href":"https:\/\/diariorepublica.com.ar\/web\/index.php\/wp-json\/wp\/v2\/posts\/29869\/revisions"}],"predecessor-version":[{"id":29871,"href":"https:\/\/diariorepublica.com.ar\/web\/index.php\/wp-json\/wp\/v2\/posts\/29869\/revisions\/29871"}],"wp:featuredmedia":[{"embeddable":true,"href":"https:\/\/diariorepublica.com.ar\/web\/index.php\/wp-json\/wp\/v2\/media\/29870"}],"wp:attachment":[{"href":"https:\/\/diariorepublica.com.ar\/web\/index.php\/wp-json\/wp\/v2\/media?parent=29869"}],"wp:term":[{"taxonomy":"category","embeddable":true,"href":"https:\/\/diariorepublica.com.ar\/web\/index.php\/wp-json\/wp\/v2\/categories?post=29869"},{"taxonomy":"post_tag","embeddable":true,"href":"https:\/\/diariorepublica.com.ar\/web\/index.php\/wp-json\/wp\/v2\/tags?post=29869"}],"curies":[{"name":"wp","href":"https:\/\/api.w.org\/{rel}","templated":true}]}}