{"id":29881,"date":"2026-03-11T08:22:55","date_gmt":"2026-03-11T11:22:55","guid":{"rendered":"https:\/\/diariorepublica.com.ar\/web\/?p=29881"},"modified":"2026-03-11T08:22:56","modified_gmt":"2026-03-11T11:22:56","slug":"independiente-perdia-3-a-0-con-union-y-empato-4-a-4-en-la-ultima","status":"publish","type":"post","link":"https:\/\/diariorepublica.com.ar\/web\/index.php\/deportes\/2026\/03\/11\/independiente-perdia-3-a-0-con-union-y-empato-4-a-4-en-la-ultima\/","title":{"rendered":"Independiente perd\u00eda 3 a 0 con Uni\u00f3n y empat\u00f3 4 a 4 en la \u00faltima"},"content":{"rendered":"<article id=\"article-post\" class=\"first\">\n<div class=\"cuerpo\" data-twitter-link=\"https:\/\/twitter.com\/intent\/tweet?url=https:\/\/www.diariopopular.com.ar\/c889997&amp;via=poopulardiario&amp;related=Popular&amp;text=\">\n<p><strong>Independiente empat\u00f3 4 a 4 con Uni\u00f3n en Avellaneda en uno de los partidos del a\u00f1o del f\u00fatbol argentino.\u00a0<\/strong>El equipo de Gustavo Quinteros, que ca\u00eda 3 a 0 en el primer tiempo y 4 a 2 en el complemento con el Tatengue de local, no se dio por vencido y sobre el final sum\u00f3 un puntazo por el tramite del encuentro que tuvo muchas pol\u00e9micas.<\/p>\n<\/div>\n<\/article>\n<article id=\"article-post\">\n<div class=\"cuerpo\" data-twitter-link=\"#TWEMBEDLINK#\">\n<p><strong>Uni\u00f3n se plant\u00f3 contra Independiente en Avellaneda y fue muy efectivo: Cristian Tarragona abri\u00f3 el marcador de penal a los 14 minutos, luego Brahian Cuello ampli\u00f3 a los 20&#8242; y Mateo Del Blanco anot\u00f3 el tercero.<\/strong>\u00a0Ya sobre el final del primer tiempo, Ignacio Pussetto descont\u00f3 para Independiente y dej\u00f3 el partido 3-1 a favor del visitante antes del descanso.<\/p>\n<\/div>\n<\/article>\n<article id=\"article-post\">\n<div class=\"cuerpo\" data-twitter-link=\"#TWEMBEDLINK#\">\n<p>En el inicio del complemento,\u00a0<strong>Gabriel \u00c1valos convirti\u00f3 de penal tras un fallo de Merlos que gener\u00f3 pol\u00e9mica y reclamos<\/strong>\u00a0y volvi\u00f3 a meter al Rojo en partido,\u00a0<strong>pero Uni\u00f3n respondi\u00f3 r\u00e1pido y lleg\u00f3 al cuarto gol a trav\u00e9s de Alex Maizon Rodr\u00edguez,<\/strong>\u00a0que parec\u00eda sentenciar la historia en Avellaneda.<\/p>\n<\/div>\n<\/article>\n<article id=\"article-post\">\n<div class=\"cuerpo\" data-twitter-link=\"#TWEMBEDLINK#\">\n<p>Sin embargo, Independiente no se rindi\u00f3 y tuvo recompensa:<strong>\u00a0\u00c1valos volvi\u00f3 a marcar de cabeza para el 3-4 tras un centro de tiro libre de Malcorra<\/strong>\u00a0y el Rojo fue con todo en los minutos finales, empujado por su gente y en medio de un clima cada vez m\u00e1s tenso.<\/p>\n<\/div>\n<\/article>\n<article id=\"article-post\">\n<div class=\"cuerpo\" data-twitter-link=\"#TWEMBEDLINK#\">\n<p><strong>Y, cuando el partido se terminaba, a los 54 minutos del segundo tiempo, Fedorco gan\u00f3 en el \u00e1rea tras un centro y marc\u00f3 el 4-4 definitivo<\/strong>, desatando el festejo en el Libertadores de Am\u00e9rica y cerrando un duelo que tuvo de todo: ocho goles, pol\u00e9micas, remontadas y un final ag\u00f3nico.<\/p>\n<p>De esta manera,\u00a0<strong>Independiente se mantiene 4\u00ba en la Zona A y el pr\u00f3ximo lunes visitar\u00e1 a Instituto desde las 22.15<\/strong>, mientras que Uni\u00f3n, que ven\u00eda de cuatro triunfos seguidos, cort\u00f3 la racha pero en un muy buen partido y sigue 2\u00ba, a cuatro puntos de V\u00e9lez, y tendr\u00e1 que recibir a Boca el domingo a las 22.<\/p>\n<p>El resumen de Independiente 4-4 Uni\u00f3n en Avellaneda<\/p>\n<div id=\"embed3_wrap\" class=\"embed_cont type_freetext\" contenteditable=\"false\">\n<div id=\"embed3_content\" class=\"embed_content\">\n<div id=\"embed3_embed\"><iframe loading=\"lazy\" title=\"EMPATE AG\u00d3NICO EN AVELLANEDA | #INDEPENDIENTE 4-4 #UNI\u00d3N | Resumen\" src=\"https:\/\/www.youtube.com\/embed\/4ZHLHWH6_nY\" width=\"839\" height=\"472\" frameborder=\"0\" allowfullscreen=\"allowfullscreen\" data-gtm-yt-inspected-14=\"true\" data-mce-fragment=\"1\"><\/iframe><\/div>\n<\/div>\n<\/div>\n<\/div>\n<\/article>\n","protected":false},"excerpt":{"rendered":"<p>Independiente empat\u00f3 4 a 4 con Uni\u00f3n en Avellaneda en uno de los partidos del a\u00f1o del f\u00fatbol argentino.\u00a0El equipo<\/p>\n","protected":false},"author":1,"featured_media":29882,"comment_status":"closed","ping_status":"closed","sticky":false,"template":"","format":"standard","meta":{"footnotes":"","jetpack_publicize_message":"","jetpack_publicize_feature_enabled":true,"jetpack_social_post_already_shared":true,"jetpack_social_options":{"image_generator_settings":{"template":"highway","enabled":false},"version":2}},"categories":[9],"tags":[],"class_list":["post-29881","post","type-post","status-publish","format-standard","has-post-thumbnail","hentry","category-deportes"],"jetpack_publicize_connections":[],"_links":{"self":[{"href":"https:\/\/diariorepublica.com.ar\/web\/index.php\/wp-json\/wp\/v2\/posts\/29881"}],"collection":[{"href":"https:\/\/diariorepublica.com.ar\/web\/index.php\/wp-json\/wp\/v2\/posts"}],"about":[{"href":"https:\/\/diariorepublica.com.ar\/web\/index.php\/wp-json\/wp\/v2\/types\/post"}],"author":[{"embeddable":true,"href":"https:\/\/diariorepublica.com.ar\/web\/index.php\/wp-json\/wp\/v2\/users\/1"}],"replies":[{"embeddable":true,"href":"https:\/\/diariorepublica.com.ar\/web\/index.php\/wp-json\/wp\/v2\/comments?post=29881"}],"version-history":[{"count":1,"href":"https:\/\/diariorepublica.com.ar\/web\/index.php\/wp-json\/wp\/v2\/posts\/29881\/revisions"}],"predecessor-version":[{"id":29883,"href":"https:\/\/diariorepublica.com.ar\/web\/index.php\/wp-json\/wp\/v2\/posts\/29881\/revisions\/29883"}],"wp:featuredmedia":[{"embeddable":true,"href":"https:\/\/diariorepublica.com.ar\/web\/index.php\/wp-json\/wp\/v2\/media\/29882"}],"wp:attachment":[{"href":"https:\/\/diariorepublica.com.ar\/web\/index.php\/wp-json\/wp\/v2\/media?parent=29881"}],"wp:term":[{"taxonomy":"category","embeddable":true,"href":"https:\/\/diariorepublica.com.ar\/web\/index.php\/wp-json\/wp\/v2\/categories?post=29881"},{"taxonomy":"post_tag","embeddable":true,"href":"https:\/\/diariorepublica.com.ar\/web\/index.php\/wp-json\/wp\/v2\/tags?post=29881"}],"curies":[{"name":"wp","href":"https:\/\/api.w.org\/{rel}","templated":true}]}}