{"id":29884,"date":"2026-03-11T10:52:40","date_gmt":"2026-03-11T13:52:40","guid":{"rendered":"https:\/\/diariorepublica.com.ar\/web\/?p=29884"},"modified":"2026-03-11T10:52:41","modified_gmt":"2026-03-11T13:52:41","slug":"catamarca-e-indonesia-fortalecen-lazos-estrategicos-por-el-corredor-bioceanico-y-la-mineria","status":"publish","type":"post","link":"https:\/\/diariorepublica.com.ar\/web\/index.php\/locales\/2026\/03\/11\/catamarca-e-indonesia-fortalecen-lazos-estrategicos-por-el-corredor-bioceanico-y-la-mineria\/","title":{"rendered":"Catamarca e Indonesia fortalecen lazos estrat\u00e9gicos por el Corredor Bioce\u00e1nico y la Miner\u00eda"},"content":{"rendered":"<div>El vicegobernador de Catamarca, Rub\u00e9n Dusso, a cargo del Poder Ejecutivo, mantuvo un encuentro v\u00eda Zoom con el Embajador de Indonesia en Argentina, Sulaiman Syarif, con el objetivo de profundizar la cooperaci\u00f3n bilateral en materia productiva y energ\u00e9tica. La reuni\u00f3n gir\u00f3 en torno a la integraci\u00f3n regional y las oportunidades de inversi\u00f3n en sectores cr\u00edticos para la econom\u00eda global.<\/div>\n<div>\n<b>Log\u00edstica y Corredor Bioce\u00e1nico<\/b><br \/>\nUno de los ejes centrales de la reuni\u00f3n, de la que tambi\u00e9n particip\u00f3 el consejero de asuntos econ\u00f3micos, Pierre Manoppo, fue el avance en los convenios vinculados al proyecto del Corredor Bioce\u00e1nico, donde se analiz\u00f3 la participaci\u00f3n de Pertamina International Shipping, empresa subsidiaria de log\u00edstica marina integrada de la empresa estatal indonesia PT Pertamina (Persero). La colaboraci\u00f3n con la compa\u00f1\u00eda naviera indonesia se muestra como una oportunidad importante para proyectar la salida de la producci\u00f3n regional hacia el mercado asi\u00e1tico a trav\u00e9s del Pac\u00edfico, dotando de una log\u00edstica competitiva a todo el NOA.<\/div>\n<div>\n<b>Miner\u00eda y Sinergia Productiva<\/b><br \/>\nEn materia minera, se dialog\u00f3 sobre la articulaci\u00f3n entre empresas de Indonesia y Catamarca para proyectos de litio y cobre. \u00abExisten grandes motivaciones para fortalecer las relaciones; Indonesia es un gran productor de n\u00edquel y Catamarca tiene el litio, elementos que hoy el mundo demanda de forma conjunta\u00bb, destac\u00f3 Dusso. En este sentido, se plante\u00f3 un encuentro de miner\u00eda para el mes de octubre en Santiago de Chile, que ampliar\u00e1 la agenda hacia sectores como la fruticultura, hilander\u00eda y autopartes.<\/div>\n<div>\n<b>Energ\u00eda Sustentable<\/b><br \/>\nFinalmente, se abord\u00f3 el potencial de la geotermia en suelo catamarque\u00f1o. Se coincidi\u00f3 en que este tipo de energ\u00eda renovable no s\u00f3lo brindar\u00eda autonom\u00eda a los proyectos mineros, sino que ser\u00eda una oportunidad de desarrollo para las comunidades del interior provincial.<br \/>\nParticiparon del encuentro tambi\u00e9n, la contraparte del equipo t\u00e9cnico de Geotermia Natalia Dusso, el subsecretario de Coordinaci\u00f3n y Log\u00edstica de Senado, Julio Macedo, y Mercedes Pereyra, directora de Gesti\u00f3n Ambiental Minera del Ministerio de Miner\u00eda.<\/div>\n","protected":false},"excerpt":{"rendered":"<p>El vicegobernador de Catamarca, Rub\u00e9n Dusso, a cargo del Poder Ejecutivo, mantuvo un encuentro v\u00eda Zoom con el Embajador de<\/p>\n","protected":false},"author":1,"featured_media":29885,"comment_status":"closed","ping_status":"closed","sticky":false,"template":"","format":"standard","meta":{"footnotes":"","jetpack_publicize_message":"","jetpack_publicize_feature_enabled":true,"jetpack_social_post_already_shared":true,"jetpack_social_options":{"image_generator_settings":{"template":"highway","enabled":false},"version":2}},"categories":[2],"tags":[],"class_list":["post-29884","post","type-post","status-publish","format-standard","has-post-thumbnail","hentry","category-locales"],"jetpack_publicize_connections":[],"_links":{"self":[{"href":"https:\/\/diariorepublica.com.ar\/web\/index.php\/wp-json\/wp\/v2\/posts\/29884"}],"collection":[{"href":"https:\/\/diariorepublica.com.ar\/web\/index.php\/wp-json\/wp\/v2\/posts"}],"about":[{"href":"https:\/\/diariorepublica.com.ar\/web\/index.php\/wp-json\/wp\/v2\/types\/post"}],"author":[{"embeddable":true,"href":"https:\/\/diariorepublica.com.ar\/web\/index.php\/wp-json\/wp\/v2\/users\/1"}],"replies":[{"embeddable":true,"href":"https:\/\/diariorepublica.com.ar\/web\/index.php\/wp-json\/wp\/v2\/comments?post=29884"}],"version-history":[{"count":1,"href":"https:\/\/diariorepublica.com.ar\/web\/index.php\/wp-json\/wp\/v2\/posts\/29884\/revisions"}],"predecessor-version":[{"id":29886,"href":"https:\/\/diariorepublica.com.ar\/web\/index.php\/wp-json\/wp\/v2\/posts\/29884\/revisions\/29886"}],"wp:featuredmedia":[{"embeddable":true,"href":"https:\/\/diariorepublica.com.ar\/web\/index.php\/wp-json\/wp\/v2\/media\/29885"}],"wp:attachment":[{"href":"https:\/\/diariorepublica.com.ar\/web\/index.php\/wp-json\/wp\/v2\/media?parent=29884"}],"wp:term":[{"taxonomy":"category","embeddable":true,"href":"https:\/\/diariorepublica.com.ar\/web\/index.php\/wp-json\/wp\/v2\/categories?post=29884"},{"taxonomy":"post_tag","embeddable":true,"href":"https:\/\/diariorepublica.com.ar\/web\/index.php\/wp-json\/wp\/v2\/tags?post=29884"}],"curies":[{"name":"wp","href":"https:\/\/api.w.org\/{rel}","templated":true}]}}