{"id":29887,"date":"2026-03-11T10:55:27","date_gmt":"2026-03-11T13:55:27","guid":{"rendered":"https:\/\/diariorepublica.com.ar\/web\/?p=29887"},"modified":"2026-03-11T10:55:29","modified_gmt":"2026-03-11T13:55:29","slug":"iran-ataco-buques-comerciales-en-el-estrecho-de-ormuz-y-apunto-al-aeropuerto-de-dubai","status":"publish","type":"post","link":"https:\/\/diariorepublica.com.ar\/web\/index.php\/internacionales\/2026\/03\/11\/iran-ataco-buques-comerciales-en-el-estrecho-de-ormuz-y-apunto-al-aeropuerto-de-dubai\/","title":{"rendered":"Ir\u00e1n atac\u00f3 buques comerciales en el Estrecho de Ormuz y apunt\u00f3 al Aeropuerto de Dubai"},"content":{"rendered":"<p><strong>Ir\u00e1n<\/strong>\u00a0atac\u00f3 por lo menos a tres barcos comerciales hoy en todo el golfo P\u00e9rsico y apunt\u00f3 contra el Aeropuerto Internacional de Dubai, informaron medios internacionales.<\/p>\n<p>Dos\u00a0<strong>drones<\/strong>\u00a0iran\u00edes\u00a0impactaron cerca del Aeropuerto Internacional de Dubai, sede de la aerol\u00ednea de larga distancia Emirates y el m\u00e1s concurrido del mundo para viajes internacionales.<\/p>\n<p><strong>Cuatro personas resultaron heridas,<\/strong>\u00a0pero los vuelos continuaron, seg\u00fan comunic\u00f3 la Oficina de Medios de Dubai.<\/p>\n<p title=\"__IP__\" data-ipspy=\"__IP__\">Tambi\u00e9n,<strong>\u00a0los sistemas de defensa antia\u00e9rea de Emiratos \u00c1rabes Unidos (EAU) respondieron a una amenaza de misiles,<\/strong> hab\u00edan anticipado anteriormente las autoridades, seg\u00fan un cable de la agencia de noticias Xinhua.<\/p>\n<p>Dentro de este contexto,\u00a0<strong>las autoridades instalaron a los residentes a permanecer en lugares seguros y a seguir los canales oficiales para recibir advertencias y actualizaciones<\/strong>.<\/p>\n<p><strong>Ir\u00e1n<\/strong>\u00a0cumpl\u00eda as\u00ed con su amenaza de adoptar respuestas\u00a0<i>\u201cproporcionadas e inmediatas\u201d<\/i> si Estados Unidos emprend\u00eda ataques contra su infraestructura, como lo advirtiera el presidente del Parlamento iran\u00ed, Mohammad Bagher Ghalibaf<\/p>\n<p>NA<\/p>\n","protected":false},"excerpt":{"rendered":"<p>Ir\u00e1n\u00a0atac\u00f3 por lo menos a tres barcos comerciales hoy en todo el golfo P\u00e9rsico y apunt\u00f3 contra el Aeropuerto Internacional<\/p>\n","protected":false},"author":1,"featured_media":29888,"comment_status":"closed","ping_status":"closed","sticky":false,"template":"","format":"standard","meta":{"footnotes":"","jetpack_publicize_message":"","jetpack_publicize_feature_enabled":true,"jetpack_social_post_already_shared":true,"jetpack_social_options":{"image_generator_settings":{"template":"highway","enabled":false},"version":2}},"categories":[6],"tags":[],"class_list":["post-29887","post","type-post","status-publish","format-standard","has-post-thumbnail","hentry","category-internacionales"],"jetpack_publicize_connections":[],"_links":{"self":[{"href":"https:\/\/diariorepublica.com.ar\/web\/index.php\/wp-json\/wp\/v2\/posts\/29887"}],"collection":[{"href":"https:\/\/diariorepublica.com.ar\/web\/index.php\/wp-json\/wp\/v2\/posts"}],"about":[{"href":"https:\/\/diariorepublica.com.ar\/web\/index.php\/wp-json\/wp\/v2\/types\/post"}],"author":[{"embeddable":true,"href":"https:\/\/diariorepublica.com.ar\/web\/index.php\/wp-json\/wp\/v2\/users\/1"}],"replies":[{"embeddable":true,"href":"https:\/\/diariorepublica.com.ar\/web\/index.php\/wp-json\/wp\/v2\/comments?post=29887"}],"version-history":[{"count":1,"href":"https:\/\/diariorepublica.com.ar\/web\/index.php\/wp-json\/wp\/v2\/posts\/29887\/revisions"}],"predecessor-version":[{"id":29889,"href":"https:\/\/diariorepublica.com.ar\/web\/index.php\/wp-json\/wp\/v2\/posts\/29887\/revisions\/29889"}],"wp:featuredmedia":[{"embeddable":true,"href":"https:\/\/diariorepublica.com.ar\/web\/index.php\/wp-json\/wp\/v2\/media\/29888"}],"wp:attachment":[{"href":"https:\/\/diariorepublica.com.ar\/web\/index.php\/wp-json\/wp\/v2\/media?parent=29887"}],"wp:term":[{"taxonomy":"category","embeddable":true,"href":"https:\/\/diariorepublica.com.ar\/web\/index.php\/wp-json\/wp\/v2\/categories?post=29887"},{"taxonomy":"post_tag","embeddable":true,"href":"https:\/\/diariorepublica.com.ar\/web\/index.php\/wp-json\/wp\/v2\/tags?post=29887"}],"curies":[{"name":"wp","href":"https:\/\/api.w.org\/{rel}","templated":true}]}}