{"id":29893,"date":"2026-03-11T12:07:33","date_gmt":"2026-03-11T15:07:33","guid":{"rendered":"https:\/\/diariorepublica.com.ar\/web\/?p=29893"},"modified":"2026-03-11T12:07:36","modified_gmt":"2026-03-11T15:07:36","slug":"salud-dio-detalles-del-primer-caso-autoctono-de-chikungunya","status":"publish","type":"post","link":"https:\/\/diariorepublica.com.ar\/web\/index.php\/sociedad\/2026\/03\/11\/salud-dio-detalles-del-primer-caso-autoctono-de-chikungunya\/","title":{"rendered":"Salud dio detalles del primer caso aut\u00f3ctono de Chikungunya"},"content":{"rendered":"<p>El\u00a0<strong>Ministerio de Salud de Catamarca<\/strong> confirm\u00f3 este martes\u00a0el\u00a0<strong>primer caso aut\u00f3ctono de chikungunya en la provincia<\/strong>, un hecho que encendi\u00f3 las alertas dentro del sistema sanitario local y motiv\u00f3 la activaci\u00f3n inmediata de medidas de control epidemiol\u00f3gico.<\/p>\n<p>Este miercoles las autoridades sanitarias brindaron detalles sobre la situaci\u00f3n epidemiol\u00f3gica y las acciones que se est\u00e1n llevando adelante para evitar la propagaci\u00f3n del virus. La presentaci\u00f3n estuvo a cargo de la <strong>directora provincial de Epidemiolog\u00eda, Ana Laura L\u00f3pez<\/strong>, acompa\u00f1ada por la\u00a0<strong>directora del laboratorio, Ver\u00f3nica Campi<\/strong>, y la\u00a0<strong>referente de Vigilancia Epidemiol\u00f3gica, Ver\u00f3nica Di Giovanni<\/strong>.<\/p>\n<p>De acuerdo con la informaci\u00f3n difundida por las autoridades sanitarias, el caso corresponde a\u00a0<strong>una mujer de 40 a\u00f1os residente en la zona este de la Capital<\/strong>. La paciente\u00a0<strong>se encuentra actualmente en su domicilio bajo seguimiento m\u00e9dico<\/strong>, mientras los equipos de salud monitorean su evoluci\u00f3n cl\u00ednica.<\/p>\n<p>El contagio fue clasificado como\u00a0<strong>caso aut\u00f3ctono<\/strong>, ya que la mujer\u00a0<strong>no presenta antecedentes recientes de viaje a zonas con circulaci\u00f3n del virus<\/strong>, lo que implica que la infecci\u00f3n se produjo dentro del territorio provincial. Esta caracter\u00edstica del caso es uno de los elementos que motiv\u00f3 la activaci\u00f3n de los protocolos sanitarios, ya que la presencia de transmisi\u00f3n local implica la posibilidad de circulaci\u00f3n del virus en el entorno.<\/p>\n<p>Tras la confirmaci\u00f3n del caso, los equipos sanitarios pusieron en marcha\u00a0<strong>el protocolo de control epidemiol\u00f3gico<\/strong>, con el objetivo de reducir el riesgo de propagaci\u00f3n. Entre las principales medidas adoptadas se encuentra la implementaci\u00f3n de un\u00a0<strong>bloqueo sanitario<\/strong>\u00a0en el \u00e1rea donde reside la paciente.<\/p>\n<p>Otro aspecto que gener\u00f3 preocupaci\u00f3n en el seguimiento del caso es la situaci\u00f3n de algunos familiares de la paciente. Seg\u00fan indicaron desde el Ministerio de Salud,\u00a0<strong>algunos familiares presentan s\u00edntomas compatibles con la enfermedad<\/strong>, por lo que actualmente se encuentran\u00a0<strong>bajo evaluaci\u00f3n y seguimiento por parte del sistema sanitario<\/strong>. Mientras tanto, el sistema sanitario contin\u00faa realizando controles y tareas de vigilancia epidemiol\u00f3gica en la zona.<\/p>\n","protected":false},"excerpt":{"rendered":"<p>El\u00a0Ministerio de Salud de Catamarca confirm\u00f3 este martes\u00a0el\u00a0primer caso aut\u00f3ctono de chikungunya en la provincia, un hecho que encendi\u00f3 las<\/p>\n","protected":false},"author":1,"featured_media":29894,"comment_status":"closed","ping_status":"closed","sticky":false,"template":"","format":"standard","meta":{"footnotes":"","jetpack_publicize_message":"","jetpack_publicize_feature_enabled":true,"jetpack_social_post_already_shared":true,"jetpack_social_options":{"image_generator_settings":{"template":"highway","enabled":false},"version":2}},"categories":[3],"tags":[],"class_list":["post-29893","post","type-post","status-publish","format-standard","has-post-thumbnail","hentry","category-sociedad"],"jetpack_publicize_connections":[],"_links":{"self":[{"href":"https:\/\/diariorepublica.com.ar\/web\/index.php\/wp-json\/wp\/v2\/posts\/29893"}],"collection":[{"href":"https:\/\/diariorepublica.com.ar\/web\/index.php\/wp-json\/wp\/v2\/posts"}],"about":[{"href":"https:\/\/diariorepublica.com.ar\/web\/index.php\/wp-json\/wp\/v2\/types\/post"}],"author":[{"embeddable":true,"href":"https:\/\/diariorepublica.com.ar\/web\/index.php\/wp-json\/wp\/v2\/users\/1"}],"replies":[{"embeddable":true,"href":"https:\/\/diariorepublica.com.ar\/web\/index.php\/wp-json\/wp\/v2\/comments?post=29893"}],"version-history":[{"count":1,"href":"https:\/\/diariorepublica.com.ar\/web\/index.php\/wp-json\/wp\/v2\/posts\/29893\/revisions"}],"predecessor-version":[{"id":29895,"href":"https:\/\/diariorepublica.com.ar\/web\/index.php\/wp-json\/wp\/v2\/posts\/29893\/revisions\/29895"}],"wp:featuredmedia":[{"embeddable":true,"href":"https:\/\/diariorepublica.com.ar\/web\/index.php\/wp-json\/wp\/v2\/media\/29894"}],"wp:attachment":[{"href":"https:\/\/diariorepublica.com.ar\/web\/index.php\/wp-json\/wp\/v2\/media?parent=29893"}],"wp:term":[{"taxonomy":"category","embeddable":true,"href":"https:\/\/diariorepublica.com.ar\/web\/index.php\/wp-json\/wp\/v2\/categories?post=29893"},{"taxonomy":"post_tag","embeddable":true,"href":"https:\/\/diariorepublica.com.ar\/web\/index.php\/wp-json\/wp\/v2\/tags?post=29893"}],"curies":[{"name":"wp","href":"https:\/\/api.w.org\/{rel}","templated":true}]}}