{"id":29896,"date":"2026-03-11T18:51:38","date_gmt":"2026-03-11T21:51:38","guid":{"rendered":"https:\/\/diariorepublica.com.ar\/web\/?p=29896"},"modified":"2026-03-11T18:51:40","modified_gmt":"2026-03-11T21:51:40","slug":"senadores-se-volvieron-a-aumentar-el-sueldo","status":"publish","type":"post","link":"https:\/\/diariorepublica.com.ar\/web\/index.php\/politica\/2026\/03\/11\/senadores-se-volvieron-a-aumentar-el-sueldo\/","title":{"rendered":"Senadores se volvieron a aumentar el sueldo"},"content":{"rendered":"<article class=\"article-body\">\n<div class=\"article-content\">\n<div class=\"news-body-paragraph\" data-twitter-link=\"\">\n<p>Este mi\u00e9rcoles el Senado se <strong>aument\u00f3 las dietas un 2%<\/strong>, por lo que a partir de los sueldos de marzo que cobrar\u00e1n en abril,<strong>\u00a0los senadores pasar\u00e1n a cobrar unos 11 millones de pesos mensuales.<\/strong><\/p>\n<\/div>\n<\/div>\n<\/article>\n<article class=\"article-body par-3\">\n<div class=\"article-content\">\n<div class=\"news-body-paragraph\" data-twitter-link=\"\">\n<p>As\u00ed lo confirm\u00f3 a A24.com una alta fuente del Senado: \u00abHubo un aumento que afectar\u00e1 a los senadores del orden del\u00a0<strong>2 por ciento\u00bb.<\/strong><\/p>\n<p>Cerca de Vilarruel aclararon que \u00aba trav\u00e9s de un acuerdo, la Vicepresidente, brindar\u00e1 la posibilidad a los senadores que quieren donar, que puedan hacerlo, a trav\u00e9s del honorable Senado de la Naci\u00f3n, a una instituci\u00f3n\u00bb.<\/p>\n<p><strong>La resoluci\u00f3n atada a la paritaria salarial del gremio de empleados legislativos<\/strong>, que acordaron este mi\u00e9rcoles un\u00a0<strong>aumento escalonado total del 12,5 %<\/strong>, escalonado y acumulativo, con un 2% retroactivo a diciembre de 2025; 2,5% de enero; 2,2% por febrero; 2% en marzo, 1,7 % a partir de abril y otro 1,5 % para el mes de mayo.<\/p>\n<p>Las autoridades de la C\u00e1mara recuerdan que al igual que ocurri\u00f3 con el \u00faltimo aumento,cada legislador puede decidir si renuncia a percibirla o la dona. En la \u00faltima ocasi\u00f3n\u00a0<strong>renunciaron todos menos el bloque de Uni\u00f3n por la Patria.<\/strong><\/p>\n<p>La dieta de un senador equivale a 2.500 m\u00f3dulos, m\u00e1s 1000 m\u00f3dulos de gastos de representaci\u00f3n y 500 m\u00f3dulos por desarraigo.<\/p>\n<p>Hasta ahora el m\u00f3dulo ten\u00eda un valor de $2554,85 por lo cual los senadores (que no renunciaron a ning\u00fan incremento) ven\u00edan percibiendo<strong>\u00a010,2 millones de pesos en bruto<\/strong>\u00a0que, tras los descuentos por aportes e impuesto a las ganancias, quedaba en\u00a0<strong>8,1 millones de pesos.<\/strong><\/p>\n<\/div>\n<\/div>\n<\/article>\n","protected":false},"excerpt":{"rendered":"<p>Este mi\u00e9rcoles el Senado se aument\u00f3 las dietas un 2%, por lo que a partir de los sueldos de marzo<\/p>\n","protected":false},"author":1,"featured_media":29897,"comment_status":"closed","ping_status":"closed","sticky":false,"template":"","format":"standard","meta":{"footnotes":"","jetpack_publicize_message":"","jetpack_publicize_feature_enabled":true,"jetpack_social_post_already_shared":true,"jetpack_social_options":{"image_generator_settings":{"template":"highway","enabled":false},"version":2}},"categories":[12],"tags":[],"class_list":["post-29896","post","type-post","status-publish","format-standard","has-post-thumbnail","hentry","category-politica"],"jetpack_publicize_connections":[],"_links":{"self":[{"href":"https:\/\/diariorepublica.com.ar\/web\/index.php\/wp-json\/wp\/v2\/posts\/29896"}],"collection":[{"href":"https:\/\/diariorepublica.com.ar\/web\/index.php\/wp-json\/wp\/v2\/posts"}],"about":[{"href":"https:\/\/diariorepublica.com.ar\/web\/index.php\/wp-json\/wp\/v2\/types\/post"}],"author":[{"embeddable":true,"href":"https:\/\/diariorepublica.com.ar\/web\/index.php\/wp-json\/wp\/v2\/users\/1"}],"replies":[{"embeddable":true,"href":"https:\/\/diariorepublica.com.ar\/web\/index.php\/wp-json\/wp\/v2\/comments?post=29896"}],"version-history":[{"count":1,"href":"https:\/\/diariorepublica.com.ar\/web\/index.php\/wp-json\/wp\/v2\/posts\/29896\/revisions"}],"predecessor-version":[{"id":29898,"href":"https:\/\/diariorepublica.com.ar\/web\/index.php\/wp-json\/wp\/v2\/posts\/29896\/revisions\/29898"}],"wp:featuredmedia":[{"embeddable":true,"href":"https:\/\/diariorepublica.com.ar\/web\/index.php\/wp-json\/wp\/v2\/media\/29897"}],"wp:attachment":[{"href":"https:\/\/diariorepublica.com.ar\/web\/index.php\/wp-json\/wp\/v2\/media?parent=29896"}],"wp:term":[{"taxonomy":"category","embeddable":true,"href":"https:\/\/diariorepublica.com.ar\/web\/index.php\/wp-json\/wp\/v2\/categories?post=29896"},{"taxonomy":"post_tag","embeddable":true,"href":"https:\/\/diariorepublica.com.ar\/web\/index.php\/wp-json\/wp\/v2\/tags?post=29896"}],"curies":[{"name":"wp","href":"https:\/\/api.w.org\/{rel}","templated":true}]}}