{"id":29899,"date":"2026-03-12T07:14:08","date_gmt":"2026-03-12T10:14:08","guid":{"rendered":"https:\/\/diariorepublica.com.ar\/web\/?p=29899"},"modified":"2026-03-12T07:14:10","modified_gmt":"2026-03-12T10:14:10","slug":"reunion-comarb-en-catamarca-anuncian-la-implementacion-de-un-domicilio-fiscal-electronico-federal","status":"publish","type":"post","link":"https:\/\/diariorepublica.com.ar\/web\/index.php\/locales\/2026\/03\/12\/reunion-comarb-en-catamarca-anuncian-la-implementacion-de-un-domicilio-fiscal-electronico-federal\/","title":{"rendered":"Reuni\u00f3n COMARB en Catamarca: anuncian la implementaci\u00f3n de un Domicilio Fiscal Electr\u00f3nico Federal"},"content":{"rendered":"<p>Con la participaci\u00f3n de representantes de todo el pa\u00eds, se desarrolla en\u00a0 Catamarca la reuni\u00f3n N\u00ba494 de la Comisi\u00f3n Arbitral del Convenio Multilateral (COMARB) y el encuentro N\u00ba190 de la Comisi\u00f3n Plenaria del Convenio Multilateral, espacios clave para la coordinaci\u00f3n de pol\u00edticas vinculadas a la administraci\u00f3n tributaria entre las provincias.<\/p>\n<p>La convocatoria fue realizada por la Agencia de Recaudaci\u00f3n Catamarca (ARCAT) y re\u00fane a autoridades de las 24 jurisdicciones nacionales quienes participan de manera presencial y remota en las distintas sesiones de trabajo que se extender\u00e1n hasta el viernes 13.<\/p>\n<p>En la primera jornada estuvieron presentes el director Ejecutivo de ARCAT, Pedro Monferr\u00e1n; el presidente de la Comisi\u00f3n Arbitral, Luis Capellano y el director de ARBA, Cristian Girard, entre otros referentes de los organismos recaudadores del pa\u00eds.<\/p>\n<p>En la oportunidad, COMARB anunci\u00f3 la puesta en funcionamiento del Domicilio Fiscal Electr\u00f3nico Federal, cuyo objetivo es simplificar la relaci\u00f3n entre contribuyentes y administraciones tributarias y facilitar el cumplimiento de obligaciones como presentaciones y pagos de impuestos. Capellano explic\u00f3 que \u201cser\u00e1 un \u00fanico domicilio fiscal electr\u00f3nico para interactuar con todas las jurisdicciones\u201d.<\/p>\n<p>Por otro lado, en el marco de la COMARB se firm\u00f3 un convenio de cooperaci\u00f3n con el Centro de Desarrollo de la OCDE con el objetivo de fortalecer las administraciones tributarias de las provincias argentinas mediante la implementaci\u00f3n de est\u00e1ndares internacionales, asistencia t\u00e9cnica y herramientas tecnol\u00f3gicas.<\/p>\n<p>Marcelo Scaglione, representante de OCDE, destac\u00f3 que el convenio firmado representa un paso relevante para fortalecer la gesti\u00f3n tributaria en el pa\u00eds. \u201cImplicar\u00e1 poder implementar en las 24 jurisdicciones los est\u00e1ndares internacionales y buenas pr\u00e1cticas que tiene la OCDE para el fortalecimiento de las administraciones tributarias\u201d, explic\u00f3.<\/p>\n<p>Seg\u00fan detall\u00f3, el acuerdo permitir\u00e1 avanzar en la modernizaci\u00f3n de los sistemas de gesti\u00f3n fiscal, con especial \u00e9nfasis en la incorporaci\u00f3n de tecnolog\u00eda para optimizar los procesos administrativos y mejorar la relaci\u00f3n con los contribuyentes.<\/p>\n<p>Las actividades continuar\u00e1n durante los pr\u00f3ximos d\u00edas con el tratamiento de distintos temas t\u00e9cnicos y administrativos vinculados a la aplicaci\u00f3n del Convenio Multilateral, instrumento que regula la distribuci\u00f3n del impuesto sobre los Ingresos Brutos entre las provincias.<\/p>\n<p>Cabe destacar, que la COMARB se ha consolidado como uno de los organismos de apoyo m\u00e1s importantes para los fiscos provinciales y como un espacio fundamental para el fortalecimiento del federalismo fiscal en la Argentina.<\/p>\n","protected":false},"excerpt":{"rendered":"<p>Con la participaci\u00f3n de representantes de todo el pa\u00eds, se desarrolla en\u00a0 Catamarca la reuni\u00f3n N\u00ba494 de la Comisi\u00f3n Arbitral<\/p>\n","protected":false},"author":1,"featured_media":29900,"comment_status":"closed","ping_status":"closed","sticky":false,"template":"","format":"standard","meta":{"footnotes":"","jetpack_publicize_message":"","jetpack_publicize_feature_enabled":true,"jetpack_social_post_already_shared":true,"jetpack_social_options":{"image_generator_settings":{"template":"highway","enabled":false},"version":2}},"categories":[2],"tags":[],"class_list":["post-29899","post","type-post","status-publish","format-standard","has-post-thumbnail","hentry","category-locales"],"jetpack_publicize_connections":[],"_links":{"self":[{"href":"https:\/\/diariorepublica.com.ar\/web\/index.php\/wp-json\/wp\/v2\/posts\/29899"}],"collection":[{"href":"https:\/\/diariorepublica.com.ar\/web\/index.php\/wp-json\/wp\/v2\/posts"}],"about":[{"href":"https:\/\/diariorepublica.com.ar\/web\/index.php\/wp-json\/wp\/v2\/types\/post"}],"author":[{"embeddable":true,"href":"https:\/\/diariorepublica.com.ar\/web\/index.php\/wp-json\/wp\/v2\/users\/1"}],"replies":[{"embeddable":true,"href":"https:\/\/diariorepublica.com.ar\/web\/index.php\/wp-json\/wp\/v2\/comments?post=29899"}],"version-history":[{"count":1,"href":"https:\/\/diariorepublica.com.ar\/web\/index.php\/wp-json\/wp\/v2\/posts\/29899\/revisions"}],"predecessor-version":[{"id":29901,"href":"https:\/\/diariorepublica.com.ar\/web\/index.php\/wp-json\/wp\/v2\/posts\/29899\/revisions\/29901"}],"wp:featuredmedia":[{"embeddable":true,"href":"https:\/\/diariorepublica.com.ar\/web\/index.php\/wp-json\/wp\/v2\/media\/29900"}],"wp:attachment":[{"href":"https:\/\/diariorepublica.com.ar\/web\/index.php\/wp-json\/wp\/v2\/media?parent=29899"}],"wp:term":[{"taxonomy":"category","embeddable":true,"href":"https:\/\/diariorepublica.com.ar\/web\/index.php\/wp-json\/wp\/v2\/categories?post=29899"},{"taxonomy":"post_tag","embeddable":true,"href":"https:\/\/diariorepublica.com.ar\/web\/index.php\/wp-json\/wp\/v2\/tags?post=29899"}],"curies":[{"name":"wp","href":"https:\/\/api.w.org\/{rel}","templated":true}]}}