{"id":29902,"date":"2026-03-12T07:28:22","date_gmt":"2026-03-12T10:28:22","guid":{"rendered":"https:\/\/diariorepublica.com.ar\/web\/?p=29902"},"modified":"2026-03-12T07:28:25","modified_gmt":"2026-03-12T10:28:25","slug":"expulsaron-a-carmina-masi-de-gran-hermano-tras-sus-dichos-racistas-contra-jenny-mavinga","status":"publish","type":"post","link":"https:\/\/diariorepublica.com.ar\/web\/index.php\/espectaculos\/2026\/03\/12\/expulsaron-a-carmina-masi-de-gran-hermano-tras-sus-dichos-racistas-contra-jenny-mavinga\/","title":{"rendered":"Expulsaron a Carmi\u00f1a Masi de Gran Hermano tras sus dichos racistas contra Jenny Mavinga"},"content":{"rendered":"<article class=\"article-body first\">\n<div class=\"article-content\">\n<div class=\"news-body-paragraph\">\n<p><strong>Gran Hermano Generaci\u00f3n Dorada (Telefe)<\/strong>\u00a0vivi\u00f3 uno de los momentos m\u00e1s tensos desde que comenz\u00f3 la temporada. Luego de una fuerte pol\u00e9mica dentro de la casa, el programa tom\u00f3 una decisi\u00f3n contundente: expulsar a<strong>\u00a0Carmi\u00f1a Masi<\/strong>\u00a0por sus dichos racistas contra su compa\u00f1era\u00a0<strong>Jenny\u00a0<\/strong><strong>Mavinga<\/strong>.<\/p>\n<\/div>\n<\/div>\n<\/article>\n<article class=\"article-body par-2\">\n<div class=\"article-content\">\n<div class=\"news-body-paragraph\">\n<p>Todo se desat\u00f3 tras una conversaci\u00f3n en la que la periodista paraguaya lanz\u00f3 una frase que gener\u00f3 indignaci\u00f3n tanto dentro como fuera del reality.\u00a0<em><strong>\u201cM\u00edrala ah\u00ed, parece como si reci\u00e9n la hubieran comprado, como si reci\u00e9n se hubiera bajado del barco\u201d<\/strong><\/em>, expres\u00f3 Carmi\u00f1a al referirse a Mavinga, comentario que r\u00e1pidamente despert\u00f3 una fuerte reacci\u00f3n del p\u00fablico en redes sociales.<\/p>\n<article class=\"article-body par-3\">\n<div class=\"article-content\">\n<div class=\"news-body-paragraph\">\n<p>Ante la gravedad de la situaci\u00f3n,\u00a0<strong>Santiago del Moro<\/strong>\u00a0abord\u00f3 el tema al comienzo de la gala de este mi\u00e9rcoles 11 y dej\u00f3 en claro la postura del programa.\u00a0<strong><em>\u201cGran hermano nos pone espejos. Hay cosa que son m\u00e1s cancelables que otras. Parte de la diaria, pero hay cosas que no tiene vuelta atr\u00e1s: el racismo es una de esas\u201d<\/em><\/strong>, remarc\u00f3 el conductor.<\/p>\n<\/div>\n<\/div>\n<\/article>\n<article class=\"article-body par-4\">\n<div class=\"article-content\">\n<div class=\"news-body-paragraph\">\n<p>Luego, la voz de Gran Hermano se dirigi\u00f3 directamente a la participante y explic\u00f3 los motivos de la sanci\u00f3n.<strong><em>\u00a0\u201cCarmi\u00f1a, sabr\u00e1s que no puedo dejar pasar tu desagradable comportamiento de esta ma\u00f1ana. Tuviste expresiones racistas, absolutamente fuera de lugar hacia tu compa\u00f1era Mavinga. Se trata de una conducta inadmisible. De modo que te informo que recibir\u00e1s una seria sanci\u00f3n. Antes de anunciarla, perm\u00edtanme todos decir: yo no soy un educador ni quiere impartir lecciones a nadie. Cada uno trajo desde afuera su educaci\u00f3n\u201d<\/em><\/strong>, les comunic\u00f3.<\/p>\n<\/div>\n<\/div>\n<\/article>\n<article class=\"article-body third-p\">\n<div class=\"article-content\">\n<div class=\"news-body-paragraph\">\n<p>El mensaje continu\u00f3 con una fuerte reflexi\u00f3n sobre el racismo y los l\u00edmites dentro de la casa m\u00e1s famosa del pa\u00eds.\u00a0<strong><em>\u201cNo vengo a educar, pero ac\u00e1 mand\u00f3 yo y pretendo que convivan sin injuriar al otro. En el mundo el racismo sigue existiendo. En el mundo se mira al otro como un enemigo, con desprecio. En mi casa quiero que se d\u00e9 un mensaje superador, con el respeto y la inclusi\u00f3n. Hay l\u00edmites que no deben ser traspuestos\u201d<\/em><\/strong>.<\/p>\n<p>En esa l\u00ednea, el Big remarc\u00f3 la gravedad de las palabras utilizadas por la participante:\u00a0<em><strong>\u201cAsociar a tu compa\u00f1era con la esclavitud es una ofensa que no voy a permitir. Con este tipo de tema no se juega. La esclavitud fue abolida, como hay prejuicios que deber\u00edan ser abolidos para siempre. Analic\u00e9 cada palabra que dijiste y no hay dudas de la gravedad de los que has dicho. El reglamento de Gran Hermano no admite comportamientos de estas caracter\u00edsticas\u201d<\/strong><\/em>.<\/p>\n<p>Finalmente, lleg\u00f3 el anuncio que defini\u00f3 su salida inmediata del reality.\u00a0<strong><em>\u00abMi decisi\u00f3n es que a partir de este momento debes abandonar la competencia. Dirigite hacia la puerta giratoria en este mismo instante. Tus pertenencias te ser\u00e1n entregadas afuera. Buenas noches\u00bb<\/em><\/strong>, subray\u00f3 la voz en off.<\/p>\n<div id=\"embed4_wrap\" class=\"embed_cont type_freetext\" contenteditable=\"false\">\n<div id=\"embed4_content\" class=\"embed_content\">\n<div id=\"embed4_embed\">\n<div><iframe loading=\"lazy\" title=\"Dailymotion video player \u2013 Carmi\u00f1a eliminada GH por sus dichos racistas contra una compa\u00f1era\" src=\"https:\/\/geo.dailymotion.com\/player\/xx206.html?video=xa1s4w0\" width=\"100%\" height=\"100%\" frameborder=\"0\" allowfullscreen=\"allowfullscreen\" data-td-src-property=\"https:\/\/geo.dailymotion.com\/player\/xx206.html?video=xa1s4w0\" data-gtm-yt-inspected-8=\"true\" data-gtm-yt-inspected-31521157_77=\"true\" data-mce-fragment=\"1\"><\/iframe><\/div>\n<\/div>\n<\/div>\n<div class=\"embed_wrapper-cont\">\n<div id=\"embed4_epigrafe\" class=\"embed_epigrafe\"><\/div>\n<\/div>\n<\/div>\n<h2><\/h2>\n<p>La expulsi\u00f3n de<strong>\u00a0Carmi\u00f1a Masi de Gran Hermano Generaci\u00f3n Dorada (Telefe)\u00a0<\/strong>por sus comentarios racistas contra<strong>\u00a0Mavinga<\/strong>\u00a0dej\u00f3 uno de los momentos m\u00e1s tensos de la temporada. Sin embargo, antes de abandonar definitivamente la casa m\u00e1s famosa del pa\u00eds, la participante decidi\u00f3 dirigirse a su compa\u00f1era para darle explicaciones.<\/p>\n<p>Todo ocurri\u00f3 segundos despu\u00e9s de que Gran Hermano anunciara la sanci\u00f3n y le ordenara salir por la puerta giratoria. En ese momento, Mavinga se acerc\u00f3 visiblemente movilizada para preguntarle directamente por lo ocurrido.<\/p>\n<p><em><strong>\u00abNunca te hice nada Carmi\u00f1a, \u00bfPor qu\u00e9?\u00bb<\/strong><\/em>, le consult\u00f3 Mavinga mientras se acercaba a la puerta por donde la participante estaba a punto de retirarse. Y agreg\u00f3 con evidente dolor:<strong><em>\u00a0\u00abFui la primera en hablar con vos cuando dec\u00edas que nadie te daba bola\u00bb.<\/em><\/strong><\/p>\n<p>Ante ese planteo, Carmi\u00f1a Masi intent\u00f3 justificarse y reconocer el error frente a su compa\u00f1era.\u00a0<em>\u00abMil veces hice contigo ese chiste, que no se hace, es de mal gusto. Al toque que dije eso me di cuenta, es un chiste de muy mal gusto y al toque me di cuenta que est\u00e1 mal\u00bb<\/em>, le explic\u00f3.<\/p>\n<p>Antes de abandonar la casa, la periodista tambi\u00e9n pidi\u00f3 disculpas p\u00fablicamente por lo ocurrido.\u00a0<em>\u00abEntiendo que son las reglas del juego, te pido disculpas y a toda la gente de color, sabes que no tengo ningun problema contigo. Lo hablaremos afuera\u00bb<\/em>, cerr\u00f3.<\/p>\n<p>De esta manera,\u00a0<strong>Carmi\u00f1a Masi<\/strong>\u00a0se convirti\u00f3 en la primera participante expulsada de Gran Hermano Generaci\u00f3n Dorada por comentarios discriminatorios, en una decisi\u00f3n que gener\u00f3 una fuerte repercusi\u00f3n entre los seguidores del reality en redes sociales.<\/p>\n<p>primiciasya.com<\/p>\n<figure id=\"1794534-Libre Sin Limite-1463381755_wrap\" class=\"embed_cont type_imagen\" contenteditable=\"false\"><\/figure>\n<\/div>\n<\/div>\n<\/article>\n<\/div>\n<\/div>\n<\/article>\n","protected":false},"excerpt":{"rendered":"<p>Gran Hermano Generaci\u00f3n Dorada (Telefe)\u00a0vivi\u00f3 uno de los momentos m\u00e1s tensos desde que comenz\u00f3 la temporada. Luego de una fuerte<\/p>\n","protected":false},"author":1,"featured_media":29903,"comment_status":"closed","ping_status":"closed","sticky":false,"template":"","format":"standard","meta":{"footnotes":"","jetpack_publicize_message":"","jetpack_publicize_feature_enabled":true,"jetpack_social_post_already_shared":true,"jetpack_social_options":{"image_generator_settings":{"template":"highway","enabled":false},"version":2}},"categories":[7],"tags":[],"class_list":["post-29902","post","type-post","status-publish","format-standard","has-post-thumbnail","hentry","category-espectaculos"],"jetpack_publicize_connections":[],"_links":{"self":[{"href":"https:\/\/diariorepublica.com.ar\/web\/index.php\/wp-json\/wp\/v2\/posts\/29902"}],"collection":[{"href":"https:\/\/diariorepublica.com.ar\/web\/index.php\/wp-json\/wp\/v2\/posts"}],"about":[{"href":"https:\/\/diariorepublica.com.ar\/web\/index.php\/wp-json\/wp\/v2\/types\/post"}],"author":[{"embeddable":true,"href":"https:\/\/diariorepublica.com.ar\/web\/index.php\/wp-json\/wp\/v2\/users\/1"}],"replies":[{"embeddable":true,"href":"https:\/\/diariorepublica.com.ar\/web\/index.php\/wp-json\/wp\/v2\/comments?post=29902"}],"version-history":[{"count":1,"href":"https:\/\/diariorepublica.com.ar\/web\/index.php\/wp-json\/wp\/v2\/posts\/29902\/revisions"}],"predecessor-version":[{"id":29904,"href":"https:\/\/diariorepublica.com.ar\/web\/index.php\/wp-json\/wp\/v2\/posts\/29902\/revisions\/29904"}],"wp:featuredmedia":[{"embeddable":true,"href":"https:\/\/diariorepublica.com.ar\/web\/index.php\/wp-json\/wp\/v2\/media\/29903"}],"wp:attachment":[{"href":"https:\/\/diariorepublica.com.ar\/web\/index.php\/wp-json\/wp\/v2\/media?parent=29902"}],"wp:term":[{"taxonomy":"category","embeddable":true,"href":"https:\/\/diariorepublica.com.ar\/web\/index.php\/wp-json\/wp\/v2\/categories?post=29902"},{"taxonomy":"post_tag","embeddable":true,"href":"https:\/\/diariorepublica.com.ar\/web\/index.php\/wp-json\/wp\/v2\/tags?post=29902"}],"curies":[{"name":"wp","href":"https:\/\/api.w.org\/{rel}","templated":true}]}}