{"id":29905,"date":"2026-03-12T07:29:58","date_gmt":"2026-03-12T10:29:58","guid":{"rendered":"https:\/\/diariorepublica.com.ar\/web\/?p=29905"},"modified":"2026-03-12T07:30:12","modified_gmt":"2026-03-12T10:30:12","slug":"el-jefe-de-alpine-anticipo-dificultades-para-el-gp-de-china","status":"publish","type":"post","link":"https:\/\/diariorepublica.com.ar\/web\/index.php\/deportes\/2026\/03\/12\/el-jefe-de-alpine-anticipo-dificultades-para-el-gp-de-china\/","title":{"rendered":"El jefe de Alpine anticip\u00f3 dificultades para el GP de China"},"content":{"rendered":"<p>El arranque de la temporada de F\u00f3rmula 1 dej\u00f3 m\u00e1s dudas que certezas en Alpine, que tras el paso por Australia ya mira con preocupaci\u00f3n el pr\u00f3ximo compromiso del calendario. Es que desde la escuder\u00eda<b>\u00a0reconocieron que varios problemas detectados en el auto todav\u00eda no tendr\u00e1n soluci\u00f3n para la siguiente fecha.<\/b><\/p>\n<p>Quien se refiri\u00f3 al presente del equipo fue Steve Nielsen, director deportivo de la escuder\u00eda, que baj\u00f3 las expectativas luego del complicado estreno. El dirigente brit\u00e1nico<b>\u00a0explic\u00f3 que el rendimiento mostrado en la primera carrera evidenci\u00f3 limitaciones que no podr\u00e1n corregirse a corto plazo.<\/b><\/p>\n<p>En ese contexto,\u00a0<b>la situaci\u00f3n no est\u00e1 vinculada con la sanci\u00f3n que sufri\u00f3 Franco Colapinto en la largada<\/b>. A pocos segundos del inicio, un mec\u00e1nico acomod\u00f3 el A526 del argentino en su caj\u00f3n y eso deriv\u00f3 en un stop and go que condicion\u00f3 su competencia.<\/p>\n<p>M\u00e1s all\u00e1 de ese episodio,\u00a0<b>la preocupaci\u00f3n principal pasa por el funcionamiento general del monoplaza<\/b>. Dentro del equipo entienden que hubo falencias tanto en la preparaci\u00f3n previa al fin de semana como en aspectos del armado del coche que todav\u00eda necesitan ajustes.<\/p>\n<p>\u00ab<i>Podr\u00edamos haber hecho un mejor trabajo en la clasificaci\u00f3n con la preparaci\u00f3n de los neum\u00e1ticos y cosas as\u00ed en las vueltas de salida.\u00a0<b>Hay cosas ah\u00ed que podemos aprender y el balance en alta velocidad no es el mejor<\/b><\/i>\u00ab, declar\u00f3 el brit\u00e1nico de 61 a\u00f1os.<\/p>\n<p>Adem\u00e1s, el dirigente<b>\u00a0advirti\u00f3 que las caracter\u00edsticas del pr\u00f3ximo circuito podr\u00edan acentuar las debilidades detectadas<\/b>. El trazado de Shanghai tiene varias curvas r\u00e1pidas, un escenario que puede exponer a\u00fan m\u00e1s los problemas de equilibrio del auto.<\/p>\n<p>\u00ab<i>La naturaleza o las caracter\u00edsticas de este circuito significan que\u00a0<b>hay m\u00e1s curvas de alta velocidad, por lo que este problema se vuelve mayor.<\/b>\u00a0Tenemos piezas en camino que esperamos que lo solucionen, pero no estar\u00e1n en China<\/i>\u00ab, sentenci\u00f3.<\/p>\n<p>tycsports.com<\/p>\n","protected":false},"excerpt":{"rendered":"<p>El arranque de la temporada de F\u00f3rmula 1 dej\u00f3 m\u00e1s dudas que certezas en Alpine, que tras el paso por<\/p>\n","protected":false},"author":1,"featured_media":29906,"comment_status":"closed","ping_status":"closed","sticky":false,"template":"","format":"standard","meta":{"footnotes":"","jetpack_publicize_message":"","jetpack_publicize_feature_enabled":true,"jetpack_social_post_already_shared":true,"jetpack_social_options":{"image_generator_settings":{"template":"highway","enabled":false},"version":2}},"categories":[9],"tags":[],"class_list":["post-29905","post","type-post","status-publish","format-standard","has-post-thumbnail","hentry","category-deportes"],"jetpack_publicize_connections":[],"_links":{"self":[{"href":"https:\/\/diariorepublica.com.ar\/web\/index.php\/wp-json\/wp\/v2\/posts\/29905"}],"collection":[{"href":"https:\/\/diariorepublica.com.ar\/web\/index.php\/wp-json\/wp\/v2\/posts"}],"about":[{"href":"https:\/\/diariorepublica.com.ar\/web\/index.php\/wp-json\/wp\/v2\/types\/post"}],"author":[{"embeddable":true,"href":"https:\/\/diariorepublica.com.ar\/web\/index.php\/wp-json\/wp\/v2\/users\/1"}],"replies":[{"embeddable":true,"href":"https:\/\/diariorepublica.com.ar\/web\/index.php\/wp-json\/wp\/v2\/comments?post=29905"}],"version-history":[{"count":2,"href":"https:\/\/diariorepublica.com.ar\/web\/index.php\/wp-json\/wp\/v2\/posts\/29905\/revisions"}],"predecessor-version":[{"id":29908,"href":"https:\/\/diariorepublica.com.ar\/web\/index.php\/wp-json\/wp\/v2\/posts\/29905\/revisions\/29908"}],"wp:featuredmedia":[{"embeddable":true,"href":"https:\/\/diariorepublica.com.ar\/web\/index.php\/wp-json\/wp\/v2\/media\/29906"}],"wp:attachment":[{"href":"https:\/\/diariorepublica.com.ar\/web\/index.php\/wp-json\/wp\/v2\/media?parent=29905"}],"wp:term":[{"taxonomy":"category","embeddable":true,"href":"https:\/\/diariorepublica.com.ar\/web\/index.php\/wp-json\/wp\/v2\/categories?post=29905"},{"taxonomy":"post_tag","embeddable":true,"href":"https:\/\/diariorepublica.com.ar\/web\/index.php\/wp-json\/wp\/v2\/tags?post=29905"}],"curies":[{"name":"wp","href":"https:\/\/api.w.org\/{rel}","templated":true}]}}