{"id":29909,"date":"2026-03-12T07:31:38","date_gmt":"2026-03-12T10:31:38","guid":{"rendered":"https:\/\/diariorepublica.com.ar\/web\/?p=29909"},"modified":"2026-03-12T07:31:40","modified_gmt":"2026-03-12T10:31:40","slug":"causa-afa-chiqui-tapia-declara-este-jueves-ante-el-juez-amarante","status":"publish","type":"post","link":"https:\/\/diariorepublica.com.ar\/web\/index.php\/nacionales\/2026\/03\/12\/causa-afa-chiqui-tapia-declara-este-jueves-ante-el-juez-amarante\/","title":{"rendered":"Causa AFA: \u201cChiqui\u201d Tapia declara este jueves ante el juez Amarante"},"content":{"rendered":"<p><strong>El presidente de la AFA, Claudio \u201cChiqui\u201d Tapia, se presentar\u00e1 este jueves a las 12 a declarar en los tribunales del Fuero Penal Econ\u00f3mico<\/strong>\u00a0en el marco de la causa por la supuesta retenci\u00f3n de impuestos y aportes previsionales por 19.300 millones de pesos.<\/p>\n<p><strong>La declaraci\u00f3n ante el juez en lo penal econ\u00f3mico Diego Amarante est\u00e1 prevista para las 12,<\/strong>\u00a0luego de que este mi\u00e9rcoles hiciera lo propio el tesorero de la AFA,\u00a0<strong>Pablo Toviggino<\/strong>, quien\u00a0present\u00f3 un escrito como parte de la misma investigaci\u00f3n.<\/p>\n<p>La investigaci\u00f3n busca determinar si existieron irregularidades en la retenci\u00f3n y pago de tributos vinculados al f\u00fatbol argentino, en un expediente que tambi\u00e9n alcanza a otros dirigentes de la AFA y que gener\u00f3 una fuerte repercusi\u00f3n en el \u00e1mbito deportivo y pol\u00edtico.<\/p>\n<p>La defensa de Tapia\u00a0<strong>hab\u00eda solicitado sin \u00e9xito que se declarara la nulidad de su citaci\u00f3n a declaraci\u00f3n indagatoria<\/strong>.<\/p>\n<p title=\"__IP__\" data-ipspy=\"__IP__\">El juez tambi\u00e9n prohibi\u00f3 a ambos salir del pa\u00eds, a cuatro meses para el Mundial de Estados Unidos, aunque luego le otorg\u00f3 a Tapia el permiso correspondiente.<\/p>\n<p>La causa investiga la supuesta apropiaci\u00f3n indebida de m\u00e1s de $19.353 millones correspondientes a retenciones impositivas y aportes de seguridad social entre marzo de 2024 y septiembre de 2025.<\/p>\n<p>Como parte de esta situaci\u00f3n, el pasado fin de semana hubo un paro del f\u00fatbol en todas las categor\u00edas en apoyo de los clubes a la AFA ante lo que consideran una iniciativa de c\u00e1racter pol\u00edtico impulsada por la gesti\u00f3n de\u00a0<strong>Javier Milei\u00a0<\/strong>en medio de la pugna por la puesta en marcha de las SAD (Sociedades An\u00f3nimas Deportivas), que el Gobierno promueve y Tapia y compa\u00f1\u00eda rechazan.<\/p>\n<p>NA<\/p>\n","protected":false},"excerpt":{"rendered":"<p>El presidente de la AFA, Claudio \u201cChiqui\u201d Tapia, se presentar\u00e1 este jueves a las 12 a declarar en los tribunales<\/p>\n","protected":false},"author":1,"featured_media":29910,"comment_status":"closed","ping_status":"closed","sticky":false,"template":"","format":"standard","meta":{"footnotes":"","jetpack_publicize_message":"","jetpack_publicize_feature_enabled":true,"jetpack_social_post_already_shared":true,"jetpack_social_options":{"image_generator_settings":{"template":"highway","enabled":false},"version":2}},"categories":[4],"tags":[],"class_list":["post-29909","post","type-post","status-publish","format-standard","has-post-thumbnail","hentry","category-nacionales"],"jetpack_publicize_connections":[],"_links":{"self":[{"href":"https:\/\/diariorepublica.com.ar\/web\/index.php\/wp-json\/wp\/v2\/posts\/29909"}],"collection":[{"href":"https:\/\/diariorepublica.com.ar\/web\/index.php\/wp-json\/wp\/v2\/posts"}],"about":[{"href":"https:\/\/diariorepublica.com.ar\/web\/index.php\/wp-json\/wp\/v2\/types\/post"}],"author":[{"embeddable":true,"href":"https:\/\/diariorepublica.com.ar\/web\/index.php\/wp-json\/wp\/v2\/users\/1"}],"replies":[{"embeddable":true,"href":"https:\/\/diariorepublica.com.ar\/web\/index.php\/wp-json\/wp\/v2\/comments?post=29909"}],"version-history":[{"count":1,"href":"https:\/\/diariorepublica.com.ar\/web\/index.php\/wp-json\/wp\/v2\/posts\/29909\/revisions"}],"predecessor-version":[{"id":29911,"href":"https:\/\/diariorepublica.com.ar\/web\/index.php\/wp-json\/wp\/v2\/posts\/29909\/revisions\/29911"}],"wp:featuredmedia":[{"embeddable":true,"href":"https:\/\/diariorepublica.com.ar\/web\/index.php\/wp-json\/wp\/v2\/media\/29910"}],"wp:attachment":[{"href":"https:\/\/diariorepublica.com.ar\/web\/index.php\/wp-json\/wp\/v2\/media?parent=29909"}],"wp:term":[{"taxonomy":"category","embeddable":true,"href":"https:\/\/diariorepublica.com.ar\/web\/index.php\/wp-json\/wp\/v2\/categories?post=29909"},{"taxonomy":"post_tag","embeddable":true,"href":"https:\/\/diariorepublica.com.ar\/web\/index.php\/wp-json\/wp\/v2\/tags?post=29909"}],"curies":[{"name":"wp","href":"https:\/\/api.w.org\/{rel}","templated":true}]}}