{"id":29912,"date":"2026-03-12T08:32:00","date_gmt":"2026-03-12T11:32:00","guid":{"rendered":"https:\/\/diariorepublica.com.ar\/web\/?p=29912"},"modified":"2026-03-12T07:33:18","modified_gmt":"2026-03-12T10:33:18","slug":"san-lorenzo-se-lesionaron-ezequiel-cerutti-y-gaston-hernandez","status":"publish","type":"post","link":"https:\/\/diariorepublica.com.ar\/web\/index.php\/deportes\/2026\/03\/12\/san-lorenzo-se-lesionaron-ezequiel-cerutti-y-gaston-hernandez\/","title":{"rendered":"\u00a0San Lorenzo: se lesionaron Ezequiel Cerutti y Gast\u00f3n Hern\u00e1ndez"},"content":{"rendered":"<article id=\"article-post\" class=\"first\">\n<div class=\"cuerpo\" data-twitter-link=\"https:\/\/twitter.com\/intent\/tweet?url=https:\/\/www.diariopopular.com.ar\/c890170&amp;via=poopulardiario&amp;related=Popular&amp;text=\">\n<p>Tras el empate 1 a 1 con Boca,\u00a0<strong>San Lorenzo se fue con una doble preocupaci\u00f3n de La Bombonera: Ezequiel Cerutti y Gast\u00f3n Hern\u00e1ndez sufrieron duras lesiones y se fueron entre l\u00e1grimas del campo de juego.\u00a0<\/strong>S\u00ed, ambos cayeron mal, se tomaron la rodilla y pidieron ser reemplazados en el cl\u00e1sico.<\/p>\n<\/div>\n<\/article>\n<article id=\"article-post\">\n<div class=\"cuerpo\" data-twitter-link=\"#TWEMBEDLINK#\">\n<div id=\"embed40_wrap\" class=\"embed_cont type_freetext\" contenteditable=\"false\">\n<div id=\"embed40_content\" class=\"embed_content\">\n<div id=\"embed40_embed\">\n<div class=\"twitter-tweet twitter-tweet-rendered\"><iframe id=\"twitter-widget-0\" class=\"\" title=\"X Post\" src=\"https:\/\/platform.twitter.com\/embed\/Tweet.html?creatorScreenName=diariopopular&amp;dnt=false&amp;embedId=twitter-widget-0&amp;features=eyJ0ZndfdGltZWxpbmVfbGlzdCI6eyJidWNrZXQiOltdLCJ2ZXJzaW9uIjpudWxsfSwidGZ3X2ZvbGxvd2VyX2NvdW50X3N1bnNldCI6eyJidWNrZXQiOnRydWUsInZlcnNpb24iOm51bGx9LCJ0ZndfdHdlZXRfZWRpdF9iYWNrZW5kIjp7ImJ1Y2tldCI6Im9uIiwidmVyc2lvbiI6bnVsbH0sInRmd19yZWZzcmNfc2Vzc2lvbiI6eyJidWNrZXQiOiJvbiIsInZlcnNpb24iOm51bGx9LCJ0ZndfZm9zbnJfc29mdF9pbnRlcnZlbnRpb25zX2VuYWJsZWQiOnsiYnVja2V0Ijoib24iLCJ2ZXJzaW9uIjpudWxsfSwidGZ3X21peGVkX21lZGlhXzE1ODk3Ijp7ImJ1Y2tldCI6InRyZWF0bWVudCIsInZlcnNpb24iOm51bGx9LCJ0ZndfZXhwZXJpbWVudHNfY29va2llX2V4cGlyYXRpb24iOnsiYnVja2V0IjoxMjA5NjAwLCJ2ZXJzaW9uIjpudWxsfSwidGZ3X3Nob3dfYmlyZHdhdGNoX3Bpdm90c19lbmFibGVkIjp7ImJ1Y2tldCI6Im9uIiwidmVyc2lvbiI6bnVsbH0sInRmd19kdXBsaWNhdGVfc2NyaWJlc190b19zZXR0aW5ncyI6eyJidWNrZXQiOiJvbiIsInZlcnNpb24iOm51bGx9LCJ0ZndfdXNlX3Byb2ZpbGVfaW1hZ2Vfc2hhcGVfZW5hYmxlZCI6eyJidWNrZXQiOiJvbiIsInZlcnNpb24iOm51bGx9LCJ0ZndfdmlkZW9faGxzX2R5bmFtaWNfbWFuaWZlc3RzXzE1MDgyIjp7ImJ1Y2tldCI6InRydWVfYml0cmF0ZSIsInZlcnNpb24iOm51bGx9LCJ0ZndfbGVnYWN5X3RpbWVsaW5lX3N1bnNldCI6eyJidWNrZXQiOnRydWUsInZlcnNpb24iOm51bGx9LCJ0ZndfdHdlZXRfZWRpdF9mcm9udGVuZCI6eyJidWNrZXQiOiJvbiIsInZlcnNpb24iOm51bGx9fQ%3D%3D&amp;frame=false&amp;hideCard=false&amp;hideThread=false&amp;id=2031870604446408829&amp;lang=en&amp;maxWidth=560px&amp;origin=https%3A%2F%2Fwww.diariopopular.com.ar%2Ffutbol%2Fdoble-preocupacion-san-lorenzo-se-lesionaron-ezequiel-cerutti-y-gaston-hernandez-n890170&amp;sessionId=592098e9d5c8376f741454963a88d18115d88103&amp;siteScreenName=diariopopular&amp;theme=light&amp;widgetsVersion=2615f7e52b7e0%3A1702314776716&amp;width=550px\" frameborder=\"0\" scrolling=\"no\" allowfullscreen=\"allowfullscreen\" data-tweet-id=\"2031870604446408829\" data-gtm-yt-inspected-14=\"true\" data-mce-fragment=\"1\"><\/iframe><\/div>\n<\/div>\n<\/div>\n<div class=\"embed_wrapper-cont\">\n<div id=\"embed40_epigrafe\" class=\"embed_epigrafe\"><\/div>\n<div id=\"embed40_copyright\" class=\"embed_copyright\"><\/div>\n<\/div>\n<\/div>\n<p><strong>A los 22 minutos de juego, Pocho tir\u00f3 un taco en el aire para iniciar un ataque y al caer se tom\u00f3 r\u00e1pidamente la pierna derecha.<\/strong>\u00a0El \u00e1rbitro Pablo Echavarr\u00eda fren\u00f3 el partido al ver como cay\u00f3 y compa\u00f1eros y adversarios se acercaron para ver c\u00f3mo estaba y observaron el dolor del volante: Nahuel Barrios entr\u00f3 en su lugar.<\/p>\n<\/div>\n<\/article>\n<article id=\"article-post\">\n<div class=\"cuerpo\" data-twitter-link=\"#TWEMBEDLINK#\">\n<p><strong>Para colmo, el capit\u00e1n tambi\u00e9n se lesion\u00f3 en el complemento<\/strong>. El Tonga tambi\u00e9n se tom\u00f3 la rodilla, llor\u00f3 al salir y se cree que podr\u00eda haber sufrido una lesi\u00f3n ligamentaria. El cuerpo m\u00e9dico es pesimista con la situaci\u00f3n de ambos por lo observado y por los antecedentes que tienen los futbolistas.<\/p>\n<\/div>\n<\/article>\n<article id=\"article-post\">\n<div class=\"cuerpo\" data-twitter-link=\"#TWEMBEDLINK#\">\n<div id=\"embed93_wrap\" class=\"embed_cont type_freetext\" contenteditable=\"false\">\n<div id=\"embed93_content\" class=\"embed_content\">\n<div id=\"embed93_embed\">\n<div class=\"twitter-tweet twitter-tweet-rendered\"><iframe id=\"twitter-widget-1\" class=\"\" title=\"X Post\" src=\"https:\/\/platform.twitter.com\/embed\/Tweet.html?creatorScreenName=diariopopular&amp;dnt=false&amp;embedId=twitter-widget-1&amp;features=eyJ0ZndfdGltZWxpbmVfbGlzdCI6eyJidWNrZXQiOltdLCJ2ZXJzaW9uIjpudWxsfSwidGZ3X2ZvbGxvd2VyX2NvdW50X3N1bnNldCI6eyJidWNrZXQiOnRydWUsInZlcnNpb24iOm51bGx9LCJ0ZndfdHdlZXRfZWRpdF9iYWNrZW5kIjp7ImJ1Y2tldCI6Im9uIiwidmVyc2lvbiI6bnVsbH0sInRmd19yZWZzcmNfc2Vzc2lvbiI6eyJidWNrZXQiOiJvbiIsInZlcnNpb24iOm51bGx9LCJ0ZndfZm9zbnJfc29mdF9pbnRlcnZlbnRpb25zX2VuYWJsZWQiOnsiYnVja2V0Ijoib24iLCJ2ZXJzaW9uIjpudWxsfSwidGZ3X21peGVkX21lZGlhXzE1ODk3Ijp7ImJ1Y2tldCI6InRyZWF0bWVudCIsInZlcnNpb24iOm51bGx9LCJ0ZndfZXhwZXJpbWVudHNfY29va2llX2V4cGlyYXRpb24iOnsiYnVja2V0IjoxMjA5NjAwLCJ2ZXJzaW9uIjpudWxsfSwidGZ3X3Nob3dfYmlyZHdhdGNoX3Bpdm90c19lbmFibGVkIjp7ImJ1Y2tldCI6Im9uIiwidmVyc2lvbiI6bnVsbH0sInRmd19kdXBsaWNhdGVfc2NyaWJlc190b19zZXR0aW5ncyI6eyJidWNrZXQiOiJvbiIsInZlcnNpb24iOm51bGx9LCJ0ZndfdXNlX3Byb2ZpbGVfaW1hZ2Vfc2hhcGVfZW5hYmxlZCI6eyJidWNrZXQiOiJvbiIsInZlcnNpb24iOm51bGx9LCJ0ZndfdmlkZW9faGxzX2R5bmFtaWNfbWFuaWZlc3RzXzE1MDgyIjp7ImJ1Y2tldCI6InRydWVfYml0cmF0ZSIsInZlcnNpb24iOm51bGx9LCJ0ZndfbGVnYWN5X3RpbWVsaW5lX3N1bnNldCI6eyJidWNrZXQiOnRydWUsInZlcnNpb24iOm51bGx9LCJ0ZndfdHdlZXRfZWRpdF9mcm9udGVuZCI6eyJidWNrZXQiOiJvbiIsInZlcnNpb24iOm51bGx9fQ%3D%3D&amp;frame=false&amp;hideCard=false&amp;hideThread=false&amp;id=2031889685392277594&amp;lang=en&amp;maxWidth=560px&amp;origin=https%3A%2F%2Fwww.diariopopular.com.ar%2Ffutbol%2Fdoble-preocupacion-san-lorenzo-se-lesionaron-ezequiel-cerutti-y-gaston-hernandez-n890170&amp;sessionId=592098e9d5c8376f741454963a88d18115d88103&amp;siteScreenName=diariopopular&amp;theme=light&amp;widgetsVersion=2615f7e52b7e0%3A1702314776716&amp;width=550px\" frameborder=\"0\" scrolling=\"no\" allowfullscreen=\"allowfullscreen\" data-tweet-id=\"2031889685392277594\" data-gtm-yt-inspected-14=\"true\" data-mce-fragment=\"1\"><\/iframe><\/div>\n<\/div>\n<\/div>\n<div class=\"embed_wrapper-cont\">\n<div id=\"embed93_epigrafe\" class=\"embed_epigrafe\"><\/div>\n<div id=\"embed93_copyright\" class=\"embed_copyright\"><\/div>\n<\/div>\n<\/div>\n<p>El delantero de 34 a\u00f1os se realizar\u00e1 estudios para determinar el grado de la lesi\u00f3n pero<strong>\u00a0se teme que se trate de una ruptura del ligamento cruzado anterior, una lesi\u00f3n que ya sufri\u00f3 en junio de 2023 pero en su rodilla izquierda<\/strong>\u00a0y que le llevar\u00eda una larga recuperaci\u00f3n luego de someterse a una intervenci\u00f3n quir\u00fargica.<\/p>\n<\/div>\n<\/article>\n<article id=\"article-post\">\n<div class=\"cuerpo\" data-twitter-link=\"#TWEMBEDLINK#\">\n<p>Por su parte,\u00a0<strong>el defensor de 28 a\u00f1os tiene un peor antecedente. En junio 2021<\/strong>, cuando estaba a pr\u00e9stamo en San Mart\u00edn de San Juan y todav\u00eda no hab\u00eda jugado en la Primera de San Lorenzo,<strong>\u00a0se rompi\u00f3 los cruzados de la rodilla izquierda y, en marzo de 2024, ya en el Cicl\u00f3n, sufri\u00f3 la misma lesi\u00f3n pero en la rodilla derecha.<\/strong><\/p>\n<\/div>\n<\/article>\n","protected":false},"excerpt":{"rendered":"<p>Tras el empate 1 a 1 con Boca,\u00a0San Lorenzo se fue con una doble preocupaci\u00f3n de La Bombonera: Ezequiel Cerutti<\/p>\n","protected":false},"author":1,"featured_media":29913,"comment_status":"closed","ping_status":"closed","sticky":false,"template":"","format":"standard","meta":{"footnotes":"","jetpack_publicize_message":"","jetpack_publicize_feature_enabled":true,"jetpack_social_post_already_shared":true,"jetpack_social_options":{"image_generator_settings":{"template":"highway","enabled":false},"version":2}},"categories":[9],"tags":[],"class_list":["post-29912","post","type-post","status-publish","format-standard","has-post-thumbnail","hentry","category-deportes"],"jetpack_publicize_connections":[],"_links":{"self":[{"href":"https:\/\/diariorepublica.com.ar\/web\/index.php\/wp-json\/wp\/v2\/posts\/29912"}],"collection":[{"href":"https:\/\/diariorepublica.com.ar\/web\/index.php\/wp-json\/wp\/v2\/posts"}],"about":[{"href":"https:\/\/diariorepublica.com.ar\/web\/index.php\/wp-json\/wp\/v2\/types\/post"}],"author":[{"embeddable":true,"href":"https:\/\/diariorepublica.com.ar\/web\/index.php\/wp-json\/wp\/v2\/users\/1"}],"replies":[{"embeddable":true,"href":"https:\/\/diariorepublica.com.ar\/web\/index.php\/wp-json\/wp\/v2\/comments?post=29912"}],"version-history":[{"count":1,"href":"https:\/\/diariorepublica.com.ar\/web\/index.php\/wp-json\/wp\/v2\/posts\/29912\/revisions"}],"predecessor-version":[{"id":29914,"href":"https:\/\/diariorepublica.com.ar\/web\/index.php\/wp-json\/wp\/v2\/posts\/29912\/revisions\/29914"}],"wp:featuredmedia":[{"embeddable":true,"href":"https:\/\/diariorepublica.com.ar\/web\/index.php\/wp-json\/wp\/v2\/media\/29913"}],"wp:attachment":[{"href":"https:\/\/diariorepublica.com.ar\/web\/index.php\/wp-json\/wp\/v2\/media?parent=29912"}],"wp:term":[{"taxonomy":"category","embeddable":true,"href":"https:\/\/diariorepublica.com.ar\/web\/index.php\/wp-json\/wp\/v2\/categories?post=29912"},{"taxonomy":"post_tag","embeddable":true,"href":"https:\/\/diariorepublica.com.ar\/web\/index.php\/wp-json\/wp\/v2\/tags?post=29912"}],"curies":[{"name":"wp","href":"https:\/\/api.w.org\/{rel}","templated":true}]}}