{"id":29927,"date":"2026-03-12T11:35:47","date_gmt":"2026-03-12T14:35:47","guid":{"rendered":"https:\/\/diariorepublica.com.ar\/web\/?p=29927"},"modified":"2026-03-12T11:35:49","modified_gmt":"2026-03-12T14:35:49","slug":"jalil-expone-hoy-en-el-argentina-week-sobre-el-potencial-minero-de-catamarca","status":"publish","type":"post","link":"https:\/\/diariorepublica.com.ar\/web\/index.php\/politica\/2026\/03\/12\/jalil-expone-hoy-en-el-argentina-week-sobre-el-potencial-minero-de-catamarca\/","title":{"rendered":"Jalil expone hoy en el Argentina Week sobre el potencial minero de Catamarca"},"content":{"rendered":"<p>El gobernador de Catamarca, Ra\u00fal Jalil, participa este jueves de las exposiciones ante inversores internacionales en el marco de Argentina Week, una serie de encuentros organizados en Nueva York que re\u00fanen a mandatarios provinciales argentinos con empresarios y fondos de inversi\u00f3n de distintos pa\u00edses.<\/p>\n<p>La presencia de los gobernadores forma parte de una agenda que busca acercar las provincias argentinas a potenciales inversores internacionales, mostrando oportunidades vinculadas a sectores estrat\u00e9gicos de la econom\u00eda.<\/p>\n<p>El viaje de los mandatarios provinciales fue impulsado a partir de una invitaci\u00f3n del presidente Javier Milei, con una doble finalidad: afianzar el v\u00ednculo entre el Gobierno nacional y los gobernadores y, al mismo tiempo, presentar proyectos provinciales a capitales extranjeros interesados en invertir en el pa\u00eds.<\/p>\n<p>En di\u00e1logo con TN, el mandatario catamarque\u00f1o evalu\u00f3 positivamente la experiencia. \u00abFue un buen viaje y un buen mensaje. Estamos teniendo muchos proyectos de inversiones importantes\u00bb, afirm\u00f3 Jalil al referirse a la agenda desarrollada durante la visita a Estados Unidos.<\/p>\n<p>el gobernador tambi\u00e9n se refiri\u00f3 a la relaci\u00f3n pol\u00edtica que mantienen algunos mandatarios provinciales con el gobierno nacional. En ese sentido, aclar\u00f3 que el acompa\u00f1amiento a determinadas iniciativas del Ejecutivo no implica un alineamiento absoluto.<\/p>\n<p>\u00abHay un grupo de gobernadores que acompa\u00f1amos algunas cosas y otras no. Mantenemos autonom\u00eda\u00bb, explic\u00f3. El viaje a Nueva York se enmarca adem\u00e1s en un contexto pol\u00edtico en el que los gobernadores han tenido un rol clave para el avance de proyectos impulsados por el oficialismo en el Congreso.<\/p>\n<p>En ese marco, el Gobierno nacional busca fortalecer el di\u00e1logo con los mandatarios provinciales y profundizar la relaci\u00f3n institucional, considerando el peso pol\u00edtico que tienen en la aprobaci\u00f3n de iniciativas legislativas.<\/p>\n<p>Uno de los actores centrales en ese proceso fue el ministro del Interior, Diego Santilli, quien mantuvo reuniones con la mayor\u00eda de los gobernadores, incluidos algunos que tienen un perfil claramente opositor. Entre ellos se menciona al gobernador de La Pampa, Sergio Ziliotto, con quien tambi\u00e9n se desarrollaron encuentros.<\/p>\n","protected":false},"excerpt":{"rendered":"<p>El gobernador de Catamarca, Ra\u00fal Jalil, participa este jueves de las exposiciones ante inversores internacionales en el marco de Argentina<\/p>\n","protected":false},"author":1,"featured_media":29928,"comment_status":"closed","ping_status":"closed","sticky":false,"template":"","format":"standard","meta":{"footnotes":"","jetpack_publicize_message":"","jetpack_publicize_feature_enabled":true,"jetpack_social_post_already_shared":true,"jetpack_social_options":{"image_generator_settings":{"template":"highway","enabled":false},"version":2}},"categories":[12],"tags":[],"class_list":["post-29927","post","type-post","status-publish","format-standard","has-post-thumbnail","hentry","category-politica"],"jetpack_publicize_connections":[],"_links":{"self":[{"href":"https:\/\/diariorepublica.com.ar\/web\/index.php\/wp-json\/wp\/v2\/posts\/29927"}],"collection":[{"href":"https:\/\/diariorepublica.com.ar\/web\/index.php\/wp-json\/wp\/v2\/posts"}],"about":[{"href":"https:\/\/diariorepublica.com.ar\/web\/index.php\/wp-json\/wp\/v2\/types\/post"}],"author":[{"embeddable":true,"href":"https:\/\/diariorepublica.com.ar\/web\/index.php\/wp-json\/wp\/v2\/users\/1"}],"replies":[{"embeddable":true,"href":"https:\/\/diariorepublica.com.ar\/web\/index.php\/wp-json\/wp\/v2\/comments?post=29927"}],"version-history":[{"count":1,"href":"https:\/\/diariorepublica.com.ar\/web\/index.php\/wp-json\/wp\/v2\/posts\/29927\/revisions"}],"predecessor-version":[{"id":29929,"href":"https:\/\/diariorepublica.com.ar\/web\/index.php\/wp-json\/wp\/v2\/posts\/29927\/revisions\/29929"}],"wp:featuredmedia":[{"embeddable":true,"href":"https:\/\/diariorepublica.com.ar\/web\/index.php\/wp-json\/wp\/v2\/media\/29928"}],"wp:attachment":[{"href":"https:\/\/diariorepublica.com.ar\/web\/index.php\/wp-json\/wp\/v2\/media?parent=29927"}],"wp:term":[{"taxonomy":"category","embeddable":true,"href":"https:\/\/diariorepublica.com.ar\/web\/index.php\/wp-json\/wp\/v2\/categories?post=29927"},{"taxonomy":"post_tag","embeddable":true,"href":"https:\/\/diariorepublica.com.ar\/web\/index.php\/wp-json\/wp\/v2\/tags?post=29927"}],"curies":[{"name":"wp","href":"https:\/\/api.w.org\/{rel}","templated":true}]}}