{"id":29934,"date":"2026-03-12T12:05:16","date_gmt":"2026-03-12T15:05:16","guid":{"rendered":"https:\/\/diariorepublica.com.ar\/web\/?p=29934"},"modified":"2026-03-12T12:05:19","modified_gmt":"2026-03-12T15:05:19","slug":"salud-habilita-un-nuevo-puesto-de-vacunacion-en-el-paseo-del-peregrino","status":"publish","type":"post","link":"https:\/\/diariorepublica.com.ar\/web\/index.php\/locales\/2026\/03\/12\/salud-habilita-un-nuevo-puesto-de-vacunacion-en-el-paseo-del-peregrino\/","title":{"rendered":"Salud habilita un nuevo puesto de vacunaci\u00f3n en el Paseo del Peregrino"},"content":{"rendered":"<p>El Ministerio de Salud de la provincia anunci\u00f3 la habilitaci\u00f3n de un nuevo puesto de vacunaci\u00f3n en el Paseo del Peregrino, ubicado al lado de la Catedral, con el objetivo de ampliar el acceso de la poblaci\u00f3n a las dosis destinadas a prevenir enfermedades respiratorias.<\/p>\n<p>La iniciativa se enmarca en una estrategia sanitaria que busca reforzar la cobertura de vacunaci\u00f3n en los grupos de riesgo, especialmente en lo relacionado con la vacuna antigripal, considerada una herramienta clave para evitar formas graves de la enfermedad.<\/p>\n<p>El nuevo espacio comenzar\u00e1 a funcionar a partir del viernes 13 de marzo y permitir\u00e1 que los ciudadanos accedan a distintas vacunas en un lugar de f\u00e1cil acceso dentro de la ciudad.<\/p>\n<p>El objetivo principal de esta acci\u00f3n es acercar el sistema de salud a la comunidad, facilitando la inmunizaci\u00f3n en un contexto en el que las autoridades sanitarias insisten en la importancia de mantener al d\u00eda los esquemas de vacunaci\u00f3n, especialmente en los sectores m\u00e1s vulnerables<\/p>\n<p>Las vacunas disponibles ser\u00e1n:<\/p>\n<p><strong>Vacuna contra la gripe<\/strong><\/p>\n<p><strong>Vacuna contra la neumon\u00eda<\/strong><\/p>\n<p><strong>Vacuna contra el Covid-19<\/strong><\/p>\n<p>El horario de atenci\u00f3n establecido para este espacio ser\u00e1 el siguiente:<\/p>\n<p><strong>De 9.00 a 12.00 horas<\/strong><\/p>\n<p><strong>De 15.00 a 18.30 horas<\/strong><\/p>\n","protected":false},"excerpt":{"rendered":"<p>El Ministerio de Salud de la provincia anunci\u00f3 la habilitaci\u00f3n de un nuevo puesto de vacunaci\u00f3n en el Paseo del<\/p>\n","protected":false},"author":1,"featured_media":29935,"comment_status":"closed","ping_status":"closed","sticky":false,"template":"","format":"standard","meta":{"footnotes":"","jetpack_publicize_message":"","jetpack_publicize_feature_enabled":true,"jetpack_social_post_already_shared":true,"jetpack_social_options":{"image_generator_settings":{"template":"highway","enabled":false},"version":2}},"categories":[2],"tags":[],"class_list":["post-29934","post","type-post","status-publish","format-standard","has-post-thumbnail","hentry","category-locales"],"jetpack_publicize_connections":[],"_links":{"self":[{"href":"https:\/\/diariorepublica.com.ar\/web\/index.php\/wp-json\/wp\/v2\/posts\/29934"}],"collection":[{"href":"https:\/\/diariorepublica.com.ar\/web\/index.php\/wp-json\/wp\/v2\/posts"}],"about":[{"href":"https:\/\/diariorepublica.com.ar\/web\/index.php\/wp-json\/wp\/v2\/types\/post"}],"author":[{"embeddable":true,"href":"https:\/\/diariorepublica.com.ar\/web\/index.php\/wp-json\/wp\/v2\/users\/1"}],"replies":[{"embeddable":true,"href":"https:\/\/diariorepublica.com.ar\/web\/index.php\/wp-json\/wp\/v2\/comments?post=29934"}],"version-history":[{"count":1,"href":"https:\/\/diariorepublica.com.ar\/web\/index.php\/wp-json\/wp\/v2\/posts\/29934\/revisions"}],"predecessor-version":[{"id":29936,"href":"https:\/\/diariorepublica.com.ar\/web\/index.php\/wp-json\/wp\/v2\/posts\/29934\/revisions\/29936"}],"wp:featuredmedia":[{"embeddable":true,"href":"https:\/\/diariorepublica.com.ar\/web\/index.php\/wp-json\/wp\/v2\/media\/29935"}],"wp:attachment":[{"href":"https:\/\/diariorepublica.com.ar\/web\/index.php\/wp-json\/wp\/v2\/media?parent=29934"}],"wp:term":[{"taxonomy":"category","embeddable":true,"href":"https:\/\/diariorepublica.com.ar\/web\/index.php\/wp-json\/wp\/v2\/categories?post=29934"},{"taxonomy":"post_tag","embeddable":true,"href":"https:\/\/diariorepublica.com.ar\/web\/index.php\/wp-json\/wp\/v2\/tags?post=29934"}],"curies":[{"name":"wp","href":"https:\/\/api.w.org\/{rel}","templated":true}]}}