{"id":29937,"date":"2026-03-13T05:11:00","date_gmt":"2026-03-13T08:11:00","guid":{"rendered":"https:\/\/diariorepublica.com.ar\/web\/?p=29937"},"modified":"2026-03-13T07:12:41","modified_gmt":"2026-03-13T10:12:41","slug":"se-puso-en-marcha-el-plan-integral-de-recuperacion-vial-en-capital","status":"publish","type":"post","link":"https:\/\/diariorepublica.com.ar\/web\/index.php\/locales\/2026\/03\/13\/se-puso-en-marcha-el-plan-integral-de-recuperacion-vial-en-capital\/","title":{"rendered":"Se puso en marcha el Plan Integral de Recuperaci\u00f3n Vial en Capital"},"content":{"rendered":"<p>Tras una etapa de persistentes lluvias, el municipio de la Capital ha puesto en marcha un ambicioso plan de intervenci\u00f3n en las principales arterias de la ciudad. El director de Infraestructura Urbana, Carlos Aguirre, supervis\u00f3 las tareas que buscan optimizar la transitabilidad y mejorar la seguridad vial, un trabajo que se desarrolla en forma permanente e ingresa ahora a una fase m\u00e1s intensa.<br \/>\nActualmente, las cuadrillas se encuentran trabajando en la Avenida Legisladores, espec\u00edficamente en el tramo frente a \u00abLa Pirgua\u00bb. All\u00ed, se realiza una intervenci\u00f3n profunda para solucionar problemas hist\u00f3ricos de acumulaci\u00f3n de agua, que incluye: reconstituci\u00f3n de la carpeta asf\u00e1ltica, construcci\u00f3n de nuevos cordones, cunetas y badenes de bocacalle para optimizar el escurrido pluvial, finalizaci\u00f3n del tramo que une las avenidas Belgrano y M\u00e9xico.<br \/>\nAsimismo, record\u00f3 que la Avenida Belgrano ha sido repavimentada \u00edntegramente y se proyecta continuar con este nivel de obra frente al CAPE y hasta la rotonda del ex Regimiento.<br \/>\nA pesar de los retrasos causados por la humedad del suelo, se ha iniciado un cronograma de reparaciones en sectores cr\u00edticos definidos como de \u00aburgencia\u00bb, que se extender\u00e1 paulatinamente a todos los sitios donde sea necesario.<br \/>\nEste trabajo, previamente planificado y que se ejecuta en conjunto con Vialidad Provincial, permitir\u00e1 resolver uno de los aspectos clave del \u00e1rea urbana.<br \/>\nEl detalle de las tareas desplegadas muestra hasta hoy los siguientes detalles.<br \/>\nZonas ya intervenidas: Parque Sur, calle Jun\u00edn, barrio 920 Viviendas, barrio La Victoria y Parque Am\u00e9rica.<br \/>\nZona cr\u00edtica actual: Cuadrante comprendido entre Av. G\u00fcemes, Av. Ocampo, Av. Latzina y Av. Ahumada y Barros (Barrio Achachay).<br \/>\nAl respecto, Carlos Aguirre explic\u00f3 que las tareas de bacheo requieren que la base est\u00e9 completamente seca: \u00abEl exceso de humedad no nos permite intervenir de forma inmediata porque el material se levantar\u00eda r\u00e1pido. Debemos esperar que el suelo desagote para asegurar un trabajo serio y duradero\u00bb.<\/p>\n<p>El cronograma para la pr\u00f3xima semana:<br \/>\nContinuaci\u00f3n de tareas en los barrios 920 Viviendas, 250 Viviendas y 150 Viviendas.<br \/>\nIntervenci\u00f3n sobre Avenida Eva Per\u00f3n (incluyendo la adecuaci\u00f3n de tapas de cloacas elevadas).<br \/>\nAvance en la reparaci\u00f3n de la Calle San Juan, donde se prev\u00e9 utilizar 40 toneladas de material para cubrir aproximadamente 400 metros cuadrados da\u00f1ados.<br \/>\nEl municipio de la Capital recuerda que estas tareas se ejecutan en doble turno (ma\u00f1ana y tarde) para agilizar la recuperaci\u00f3n de la red vial urbana.<\/p>\n","protected":false},"excerpt":{"rendered":"<p>Tras una etapa de persistentes lluvias, el municipio de la Capital ha puesto en marcha un ambicioso plan de intervenci\u00f3n<\/p>\n","protected":false},"author":1,"featured_media":29938,"comment_status":"closed","ping_status":"closed","sticky":false,"template":"","format":"standard","meta":{"footnotes":"","jetpack_publicize_message":"","jetpack_publicize_feature_enabled":true,"jetpack_social_post_already_shared":true,"jetpack_social_options":{"image_generator_settings":{"template":"highway","enabled":false},"version":2}},"categories":[2],"tags":[],"class_list":["post-29937","post","type-post","status-publish","format-standard","has-post-thumbnail","hentry","category-locales"],"jetpack_publicize_connections":[],"_links":{"self":[{"href":"https:\/\/diariorepublica.com.ar\/web\/index.php\/wp-json\/wp\/v2\/posts\/29937"}],"collection":[{"href":"https:\/\/diariorepublica.com.ar\/web\/index.php\/wp-json\/wp\/v2\/posts"}],"about":[{"href":"https:\/\/diariorepublica.com.ar\/web\/index.php\/wp-json\/wp\/v2\/types\/post"}],"author":[{"embeddable":true,"href":"https:\/\/diariorepublica.com.ar\/web\/index.php\/wp-json\/wp\/v2\/users\/1"}],"replies":[{"embeddable":true,"href":"https:\/\/diariorepublica.com.ar\/web\/index.php\/wp-json\/wp\/v2\/comments?post=29937"}],"version-history":[{"count":1,"href":"https:\/\/diariorepublica.com.ar\/web\/index.php\/wp-json\/wp\/v2\/posts\/29937\/revisions"}],"predecessor-version":[{"id":29939,"href":"https:\/\/diariorepublica.com.ar\/web\/index.php\/wp-json\/wp\/v2\/posts\/29937\/revisions\/29939"}],"wp:featuredmedia":[{"embeddable":true,"href":"https:\/\/diariorepublica.com.ar\/web\/index.php\/wp-json\/wp\/v2\/media\/29938"}],"wp:attachment":[{"href":"https:\/\/diariorepublica.com.ar\/web\/index.php\/wp-json\/wp\/v2\/media?parent=29937"}],"wp:term":[{"taxonomy":"category","embeddable":true,"href":"https:\/\/diariorepublica.com.ar\/web\/index.php\/wp-json\/wp\/v2\/categories?post=29937"},{"taxonomy":"post_tag","embeddable":true,"href":"https:\/\/diariorepublica.com.ar\/web\/index.php\/wp-json\/wp\/v2\/tags?post=29937"}],"curies":[{"name":"wp","href":"https:\/\/api.w.org\/{rel}","templated":true}]}}