{"id":29940,"date":"2026-03-13T07:43:44","date_gmt":"2026-03-13T10:43:44","guid":{"rendered":"https:\/\/diariorepublica.com.ar\/web\/?p=29940"},"modified":"2026-03-13T07:43:47","modified_gmt":"2026-03-13T10:43:47","slug":"gran-hermano-generacion-dorada-tiene-un-nuevo-eliminado","status":"publish","type":"post","link":"https:\/\/diariorepublica.com.ar\/web\/index.php\/espectaculos\/2026\/03\/13\/gran-hermano-generacion-dorada-tiene-un-nuevo-eliminado\/","title":{"rendered":"Gran Hermano Generaci\u00f3n Dorada tiene un nuevo eliminado"},"content":{"rendered":"<article class=\"article-body first\">\n<div class=\"article-content\">\n<div class=\"news-body-paragraph\">\n<p>Tras las salidas de\u00a0<strong>Lucero<\/strong>\u00a0y\u00a0<strong>Tomy<\/strong>, y luego de la expulsi\u00f3n de<strong>\u00a0Carmi\u00f1a Masi<\/strong>\u00a0por sus dichos racistas contra<strong>\u00a0Jenny Mavinga<\/strong>,\u00a0<strong>Gran Hermano Generaci\u00f3n Dorada<\/strong>\u00a0tuvo, este jueves, una nueva gala de eliminaci\u00f3n cargada de tensi\u00f3n.<\/p>\n<\/div>\n<\/div>\n<\/article>\n<article class=\"article-body par-2\">\n<div class=\"article-content\">\n<div class=\"news-body-paragraph\">\n<p>La din\u00e1mica de la semana cambi\u00f3 por completo dentro del reality m\u00e1s famoso del pa\u00eds. En lugar de realizar la cl\u00e1sica gala de nominaci\u00f3n, todos los participantes quedaron directamente en placa y se sometieron al voto positivo del p\u00fablico, lo que gener\u00f3 una competencia a\u00fan m\u00e1s pareja.<\/p>\n<article class=\"article-body par-3\">\n<div class=\"article-content\">\n<div class=\"news-body-paragraph\">\n<p>A lo largo del programa,\u00a0<strong>Santiago del Moro<\/strong>\u00a0fue anunciando a los distintos \u201chermanitos\u201d que lograban continuar en la casa gracias al apoyo de los televidentes. Sin embargo, hacia el final de la gala lleg\u00f3 el momento m\u00e1s esperado de la noche.<\/p>\n<\/div>\n<\/div>\n<\/article>\n<article class=\"article-body par-4\">\n<div class=\"article-content\">\n<div class=\"news-body-paragraph\">\n<p>Finalmente, el conductor confirm\u00f3 que<strong>\u00a0Carla \u201cCarlota\u201d Bigliani<\/strong>\u00a0fue la participante menos votada por el p\u00fablico y, por lo tanto, se convirti\u00f3 en la nueva eliminada de\u00a0<strong>Gran Hermano Generaci\u00f3n Dorada.<\/strong><\/p>\n<\/div>\n<\/div>\n<\/article>\n<article class=\"article-body third-p\">\n<div class=\"article-content\">\n<div class=\"news-body-paragraph\">\n<p>La jugadora hab\u00eda ingresado semanas atr\u00e1s en reemplazo de\u00a0<strong>Divina Gloria<\/strong>, pero no logr\u00f3 consolidarse dentro del juego ni conseguir el respaldo suficiente de la audiencia para continuar en competencia.<\/p>\n<p>De esta manera, Carlota se transform\u00f3 en la tercera eliminada del reality, en una semana marcada por fuertes pol\u00e9micas dentro de la casa. La tensi\u00f3n, sin embargo, continuar\u00e1: el pr\u00f3ximo lunes habr\u00e1 otra eliminaci\u00f3n, que volver\u00e1 a modificar el mapa del juego.<\/p>\n<p>primiciasya.com<\/p>\n<\/div>\n<\/div>\n<\/article>\n<\/div>\n<\/div>\n<\/article>\n","protected":false},"excerpt":{"rendered":"<p>Tras las salidas de\u00a0Lucero\u00a0y\u00a0Tomy, y luego de la expulsi\u00f3n de\u00a0Carmi\u00f1a Masi\u00a0por sus dichos racistas contra\u00a0Jenny Mavinga,\u00a0Gran Hermano Generaci\u00f3n Dorada\u00a0tuvo, este<\/p>\n","protected":false},"author":1,"featured_media":29941,"comment_status":"closed","ping_status":"closed","sticky":false,"template":"","format":"standard","meta":{"footnotes":"","jetpack_publicize_message":"","jetpack_publicize_feature_enabled":true,"jetpack_social_post_already_shared":true,"jetpack_social_options":{"image_generator_settings":{"template":"highway","enabled":false},"version":2}},"categories":[7],"tags":[],"class_list":["post-29940","post","type-post","status-publish","format-standard","has-post-thumbnail","hentry","category-espectaculos"],"jetpack_publicize_connections":[],"_links":{"self":[{"href":"https:\/\/diariorepublica.com.ar\/web\/index.php\/wp-json\/wp\/v2\/posts\/29940"}],"collection":[{"href":"https:\/\/diariorepublica.com.ar\/web\/index.php\/wp-json\/wp\/v2\/posts"}],"about":[{"href":"https:\/\/diariorepublica.com.ar\/web\/index.php\/wp-json\/wp\/v2\/types\/post"}],"author":[{"embeddable":true,"href":"https:\/\/diariorepublica.com.ar\/web\/index.php\/wp-json\/wp\/v2\/users\/1"}],"replies":[{"embeddable":true,"href":"https:\/\/diariorepublica.com.ar\/web\/index.php\/wp-json\/wp\/v2\/comments?post=29940"}],"version-history":[{"count":1,"href":"https:\/\/diariorepublica.com.ar\/web\/index.php\/wp-json\/wp\/v2\/posts\/29940\/revisions"}],"predecessor-version":[{"id":29942,"href":"https:\/\/diariorepublica.com.ar\/web\/index.php\/wp-json\/wp\/v2\/posts\/29940\/revisions\/29942"}],"wp:featuredmedia":[{"embeddable":true,"href":"https:\/\/diariorepublica.com.ar\/web\/index.php\/wp-json\/wp\/v2\/media\/29941"}],"wp:attachment":[{"href":"https:\/\/diariorepublica.com.ar\/web\/index.php\/wp-json\/wp\/v2\/media?parent=29940"}],"wp:term":[{"taxonomy":"category","embeddable":true,"href":"https:\/\/diariorepublica.com.ar\/web\/index.php\/wp-json\/wp\/v2\/categories?post=29940"},{"taxonomy":"post_tag","embeddable":true,"href":"https:\/\/diariorepublica.com.ar\/web\/index.php\/wp-json\/wp\/v2\/tags?post=29940"}],"curies":[{"name":"wp","href":"https:\/\/api.w.org\/{rel}","templated":true}]}}