{"id":29943,"date":"2026-03-13T05:44:00","date_gmt":"2026-03-13T08:44:00","guid":{"rendered":"https:\/\/diariorepublica.com.ar\/web\/?p=29943"},"modified":"2026-03-13T07:45:46","modified_gmt":"2026-03-13T10:45:46","slug":"la-inflacion-de-febrero-fue-29-y-en-los-ultimos-12-meses-se-ubico-en-331","status":"publish","type":"post","link":"https:\/\/diariorepublica.com.ar\/web\/index.php\/economia\/2026\/03\/13\/la-inflacion-de-febrero-fue-29-y-en-los-ultimos-12-meses-se-ubico-en-331\/","title":{"rendered":"La inflaci\u00f3n de febrero fue 2,9% y en los \u00faltimos 12 meses se ubic\u00f3 en 33,1%"},"content":{"rendered":"<p>La inflaci\u00f3n de febrero fue 2,9% respecto al mes anterior y en la comparaci\u00f3n anual registr\u00f3 33,1%, seg\u00fan indic\u00f3 esta tarde el Instituto Nacional de Estad\u00edstica y Censos (Indec). La suba se vio impulsada por Vivienda, agua, electricidad, gas y otros combustibles.<\/p>\n<article class=\"article-body\">\n<div class=\"article-content\">\n<div class=\"news-body-paragraph\" data-twitter-link=\"\">\n<p data-start=\"99\" data-end=\"402\">El \u00faltimo\u00a0<strong>Relevamiento de Expectativas de Mercado (REM)\u00a0<\/strong>difundido por el Banco Central establec\u00eda una proyecci\u00f3n promedio del \u00cdndice de Precios al Consumidor (IPC) en torno al 2,7%. En paralelo, las previsiones marcaban una inflaci\u00f3n interanual del orden del 32,4%.<\/p>\n<\/div>\n<\/div>\n<\/article>\n<article class=\"article-body par-3\">\n<div class=\"article-content\">\n<div class=\"news-body-paragraph\" data-twitter-link=\"\">\n<p data-start=\"99\" data-end=\"402\">De esta manera, el \u00edndice se coloc\u00f3 0,2 puntos porcentuales (p.p.) por encima de lo previsto tras empatar el mismo dato de enero. En la comparaci\u00f3n anual, tambi\u00e9n super\u00f3 las estimaciones por 0,7 p.p. Adem\u00e1s, en el primer bimestre del a\u00f1o la inflaci\u00f3n ya acumula un 5,9%.<\/p>\n<\/div>\n<\/div>\n<\/article>\n<article class=\"article-body par-4\">\n<div class=\"article-content\">\n<div class=\"news-body-paragraph\" data-twitter-link=\"\"><\/div>\n<\/div>\n<\/article>\n<article class=\"article-body par-5\">\n<div class=\"article-content\">\n<div class=\"news-body-paragraph\" data-twitter-link=\"\">\n<p><strong>Lo que m\u00e1s y menos subi\u00f3<\/strong><\/p>\n<p>La divisi\u00f3n de mayor aumento en el mes fue\u00a0<strong>Vivienda, agua, electricidad, gas y otros combustibles<\/strong>, con 6,8%. Esto se debi\u00f3, principalmente por la suba de tarifas de gas, agua y electricidad en la mayor\u00eda de las provincias y la modificaci\u00f3n de los esquemas de beneficiarios de tarifa con y sin subsidio.<\/p>\n<p>La segunda divisi\u00f3n con mayor aumento fue\u00a0<strong>Alimentos y bebidas no alcoh\u00f3licas<\/strong>, que midi\u00f3 3,3%. Mientras que la divisi\u00f3n con mayor incidencia en la variaci\u00f3n mensual regional fue\u00a0<strong>Alimentos y bebidas no alcoh\u00f3licas<\/strong>, impulsada por la suba de Carnes y derivados, a excepci\u00f3n de la regi\u00f3n patag\u00f3nica, donde la mayor incidencia se observ\u00f3 en\u00a0<strong>Vivienda, agua, electricidad, gas y otros combustibles<\/strong>.<\/p>\n<p>Las dos divisiones que registraron las menores variaciones en febrero de fueron\u00a0<strong>Bebidas alcoh\u00f3licas y tabaco (0,6%) y Prendas de vestir y calzado (0,0%)<\/strong>.<\/p>\n<\/div>\n<\/div>\n<\/article>\n","protected":false},"excerpt":{"rendered":"<p>La inflaci\u00f3n de febrero fue 2,9% respecto al mes anterior y en la comparaci\u00f3n anual registr\u00f3 33,1%, seg\u00fan indic\u00f3 esta<\/p>\n","protected":false},"author":1,"featured_media":29944,"comment_status":"closed","ping_status":"closed","sticky":false,"template":"","format":"standard","meta":{"footnotes":"","jetpack_publicize_message":"","jetpack_publicize_feature_enabled":true,"jetpack_social_post_already_shared":true,"jetpack_social_options":{"image_generator_settings":{"template":"highway","enabled":false},"version":2}},"categories":[5],"tags":[],"class_list":["post-29943","post","type-post","status-publish","format-standard","has-post-thumbnail","hentry","category-economia"],"jetpack_publicize_connections":[],"_links":{"self":[{"href":"https:\/\/diariorepublica.com.ar\/web\/index.php\/wp-json\/wp\/v2\/posts\/29943"}],"collection":[{"href":"https:\/\/diariorepublica.com.ar\/web\/index.php\/wp-json\/wp\/v2\/posts"}],"about":[{"href":"https:\/\/diariorepublica.com.ar\/web\/index.php\/wp-json\/wp\/v2\/types\/post"}],"author":[{"embeddable":true,"href":"https:\/\/diariorepublica.com.ar\/web\/index.php\/wp-json\/wp\/v2\/users\/1"}],"replies":[{"embeddable":true,"href":"https:\/\/diariorepublica.com.ar\/web\/index.php\/wp-json\/wp\/v2\/comments?post=29943"}],"version-history":[{"count":1,"href":"https:\/\/diariorepublica.com.ar\/web\/index.php\/wp-json\/wp\/v2\/posts\/29943\/revisions"}],"predecessor-version":[{"id":29945,"href":"https:\/\/diariorepublica.com.ar\/web\/index.php\/wp-json\/wp\/v2\/posts\/29943\/revisions\/29945"}],"wp:featuredmedia":[{"embeddable":true,"href":"https:\/\/diariorepublica.com.ar\/web\/index.php\/wp-json\/wp\/v2\/media\/29944"}],"wp:attachment":[{"href":"https:\/\/diariorepublica.com.ar\/web\/index.php\/wp-json\/wp\/v2\/media?parent=29943"}],"wp:term":[{"taxonomy":"category","embeddable":true,"href":"https:\/\/diariorepublica.com.ar\/web\/index.php\/wp-json\/wp\/v2\/categories?post=29943"},{"taxonomy":"post_tag","embeddable":true,"href":"https:\/\/diariorepublica.com.ar\/web\/index.php\/wp-json\/wp\/v2\/tags?post=29943"}],"curies":[{"name":"wp","href":"https:\/\/api.w.org\/{rel}","templated":true}]}}