{"id":29946,"date":"2026-03-13T07:46:55","date_gmt":"2026-03-13T10:46:55","guid":{"rendered":"https:\/\/diariorepublica.com.ar\/web\/?p=29946"},"modified":"2026-03-13T07:46:56","modified_gmt":"2026-03-13T10:46:56","slug":"detuvieron-a-el-chelo-lider-del-grupo-green-por-abuso-sexual","status":"publish","type":"post","link":"https:\/\/diariorepublica.com.ar\/web\/index.php\/nacionales\/2026\/03\/13\/detuvieron-a-el-chelo-lider-del-grupo-green-por-abuso-sexual\/","title":{"rendered":"Detuvieron a \u00abEl Chelo\u00bb, l\u00edder del Grupo Green, por abuso sexual"},"content":{"rendered":"<article id=\"article-post\" class=\"first\">\n<div class=\"cuerpo\" data-twitter-link=\"https:\/\/twitter.com\/intent\/tweet?url=https:\/\/www.diariopopular.com.ar\/c890233&amp;via=poopulardiario&amp;related=Popular&amp;text=\">\n<p><strong>Marcelo Torres D\u00edaz<\/strong>, m\u00e1s conocido como El Chelo y cantante del Grupo Green, fue\u00a0<strong>detenido<\/strong>\u00a0en la localidad de La Tablada, partido bonaerense de La Matanza, acusado de\u00a0<strong>abusar sexualmente de una mujer dentro de un auto<\/strong>. La v\u00edctima es reconocida por tener un programa de streaming en las plataformas de YouTube y TikTok.<\/p>\n<\/div>\n<\/article>\n<article id=\"article-post\">\n<div class=\"cuerpo\" data-twitter-link=\"#TWEMBEDLINK#\">\n<p>La detenci\u00f3n de \u201cEl Chelo\u201d sucedi\u00f3 este jueves en su vivienda ubicada en la calle Caguazu y Montes de Oca tras una solicitud por parte de la fiscal Lorena Pecorelli, titular de la UFI N\u00b021 de La Matanza, ante la\u00a0<strong>denuncia radicada por Dulce Lilian, de 43 a\u00f1os, que expuso haber sido violada por el cantante.<\/strong><\/p>\n<\/div>\n<\/article>\n<article id=\"article-post\">\n<div class=\"cuerpo\" data-twitter-link=\"#TWEMBEDLINK#\">\n<p>En su relato, la mujer, que realiza transmisiones en vivo con contenido musical, relat\u00f3 que\u00a0<strong>coordin\u00f3 con el acusado un encuentro para hacer una nota para el programa.\u00a0<\/strong>La v\u00edctima se\u00f1al\u00f3 que se subi\u00f3 a la camioneta Volkswagen Suran de Torres y se dirigieron a una estaci\u00f3n de servicio ubicada sobre la avenida General Paz, sentido a Liniers.<\/p>\n<article id=\"article-post\">\n<div class=\"cuerpo\" data-twitter-link=\"#TWEMBEDLINK#\">\n<p>All\u00ed permanecen varias horas, hasta que Torres decide llevarse hasta su casa. En medio del trayecto,\u00a0<strong>el acusado le recrimin\u00f3 \u201cque hab\u00eda sido engorroso llegar hasta su domicilio\u201d y hasta \u201cse puso nervioso\u201d.<\/strong><\/p>\n<\/div>\n<\/article>\n<article id=\"article-post\">\n<div class=\"cuerpo\" data-twitter-link=\"#TWEMBEDLINK#\">\n<p>En ese momento fue cuando el cantante<strong>\u00a0detuvo la marcha del rodado<\/strong>\u00a0en el cruce de las calles Caaguaz\u00fa y la Curva de Montes de Oca, y\u00a0<strong>la oblig\u00f3 a que vaya al asiento trasero de la camioneta donde la abus\u00f3.<\/strong><\/p>\n<p>Luego de la denuncia, se convoc\u00f3 a los detectives del Gabinete de Abuso Sexual de la DDI de la Polic\u00eda de la Provincia de Buenos Aires, que solicitaron diversas medidas judiciales entre las que se destacaron\u00a0<strong>an\u00e1lisis de c\u00e1maras de seguridad p\u00fablicas y privadas, comunicaciones y obtenci\u00f3n de testimonios de testigos del hecho,<\/strong>\u00a0como as\u00ed determinar el actual domicilio de residencia.<\/p>\n<p>Con las diligencias solicitadas, se orden\u00f3 de forma urgente el\u00a0<strong>allanamiento y detenci\u00f3n del investigado.<\/strong>\u00a0En el lugar se dispuso pericias por parte de Polic\u00eda Cient\u00edfica sobre el rodado utilizado en el ataque.<\/p>\n<p title=\"__IP__\" data-ipspy=\"__IP__\">Se incaut\u00f3, adem\u00e1s del veh\u00edculo,\u00a0<strong>dos celulares, un disco duro portable y cinco pendrives.<\/strong><\/p>\n<p>Torres fue traslado en car\u00e1cter de detenido a la sede judicial y\u00a0<strong>se espera que sea indagado en las pr\u00f3ximas horas.<\/strong><\/p>\n<p>Torres cuenta con antecedentes judiciales:\u00a0<strong>en 2009 fue condenado a<\/strong>\u00a0<strong>cuatro a\u00f1os de prisi\u00f3n<\/strong>\u00a0por el<strong>\u00a0abuso de una ni\u00f1a de seis a\u00f1os,<\/strong>\u00a0sentencia dictada por un tribunal de Mor\u00f3n. Su historial penal refuerza la gravedad de la acusaci\u00f3n actual y pone en foco su reincidencia.<\/p>\n<\/div>\n<\/article>\n<\/div>\n<\/article>\n","protected":false},"excerpt":{"rendered":"<p>Marcelo Torres D\u00edaz, m\u00e1s conocido como El Chelo y cantante del Grupo Green, fue\u00a0detenido\u00a0en la localidad de La Tablada, partido<\/p>\n","protected":false},"author":1,"featured_media":29947,"comment_status":"closed","ping_status":"closed","sticky":false,"template":"","format":"standard","meta":{"footnotes":"","jetpack_publicize_message":"","jetpack_publicize_feature_enabled":true,"jetpack_social_post_already_shared":true,"jetpack_social_options":{"image_generator_settings":{"template":"highway","enabled":false},"version":2}},"categories":[4],"tags":[],"class_list":["post-29946","post","type-post","status-publish","format-standard","has-post-thumbnail","hentry","category-nacionales"],"jetpack_publicize_connections":[],"_links":{"self":[{"href":"https:\/\/diariorepublica.com.ar\/web\/index.php\/wp-json\/wp\/v2\/posts\/29946"}],"collection":[{"href":"https:\/\/diariorepublica.com.ar\/web\/index.php\/wp-json\/wp\/v2\/posts"}],"about":[{"href":"https:\/\/diariorepublica.com.ar\/web\/index.php\/wp-json\/wp\/v2\/types\/post"}],"author":[{"embeddable":true,"href":"https:\/\/diariorepublica.com.ar\/web\/index.php\/wp-json\/wp\/v2\/users\/1"}],"replies":[{"embeddable":true,"href":"https:\/\/diariorepublica.com.ar\/web\/index.php\/wp-json\/wp\/v2\/comments?post=29946"}],"version-history":[{"count":1,"href":"https:\/\/diariorepublica.com.ar\/web\/index.php\/wp-json\/wp\/v2\/posts\/29946\/revisions"}],"predecessor-version":[{"id":29948,"href":"https:\/\/diariorepublica.com.ar\/web\/index.php\/wp-json\/wp\/v2\/posts\/29946\/revisions\/29948"}],"wp:featuredmedia":[{"embeddable":true,"href":"https:\/\/diariorepublica.com.ar\/web\/index.php\/wp-json\/wp\/v2\/media\/29947"}],"wp:attachment":[{"href":"https:\/\/diariorepublica.com.ar\/web\/index.php\/wp-json\/wp\/v2\/media?parent=29946"}],"wp:term":[{"taxonomy":"category","embeddable":true,"href":"https:\/\/diariorepublica.com.ar\/web\/index.php\/wp-json\/wp\/v2\/categories?post=29946"},{"taxonomy":"post_tag","embeddable":true,"href":"https:\/\/diariorepublica.com.ar\/web\/index.php\/wp-json\/wp\/v2\/tags?post=29946"}],"curies":[{"name":"wp","href":"https:\/\/api.w.org\/{rel}","templated":true}]}}