{"id":29952,"date":"2026-03-13T07:49:02","date_gmt":"2026-03-13T10:49:02","guid":{"rendered":"https:\/\/diariorepublica.com.ar\/web\/?p=29952"},"modified":"2026-03-13T07:49:04","modified_gmt":"2026-03-13T10:49:04","slug":"talleres-le-gano-el-clasico-a-instituto","status":"publish","type":"post","link":"https:\/\/diariorepublica.com.ar\/web\/index.php\/deportes\/2026\/03\/13\/talleres-le-gano-el-clasico-a-instituto\/","title":{"rendered":"Talleres le gan\u00f3 el cl\u00e1sico a Instituto"},"content":{"rendered":"<article id=\"article-post\" class=\"first\">\n<div class=\"cuerpo\" data-twitter-link=\"https:\/\/twitter.com\/intent\/tweet?url=https:\/\/www.diariopopular.com.ar\/c890274&amp;via=poopulardiario&amp;related=Popular&amp;text=\">\n<p><strong>Talleres se qued\u00f3 con el cl\u00e1sico cordob\u00e9s frente a Instituto al imponerse 2 a 0 en el estadio Mario Alberto Kempes.<\/strong>\u00a0El equipo dirigido por Carlos T\u00e9vez\u00a0<strong>golpe\u00f3 en el primer tiempo y lo liquid\u00f3 sobre el final<\/strong>, para sumar una victoria importante que lo mete en zona de clasificaci\u00f3n y lo deja bien parado de cara al cruce ante Belgrano.<\/p>\n<\/div>\n<\/article>\n<article id=\"article-post\">\n<div class=\"cuerpo\" data-twitter-link=\"#TWEMBEDLINK#\">\n<p><strong>El primer gol lleg\u00f3 a los 31 minutos de la etapa inicial<\/strong>, cuando Valent\u00edn D\u00e1vila defini\u00f3 capturando un rebote de un cabezazo que dio en el palo en medio de una jugada confusa que debi\u00f3 ser revisada por el VAR por una posible posici\u00f3n adelantada.\u00a0<strong>Tras algunos segundos de incertidumbre, el \u00e1rbitro Dar\u00edo Herrera convalid\u00f3 el tanto.<\/strong>\u00a0Hasta ese momento el partido era parejo, con mucha lucha en la mitad de la cancha y pocas situaciones claras frente a los arcos.<\/p>\n<\/div>\n<\/article>\n<article id=\"article-post\">\n<div class=\"cuerpo\" data-twitter-link=\"#TWEMBEDLINK#\">\n<p>En el complemento, Instituto sali\u00f3 decidido a buscar el empate y tuvo varias aproximaciones, sobre todo con Alex Luna y Mat\u00edas Tissera, pero se encontr\u00f3 con una defensa firme y con buenas respuestas de Guido Herrera.\u00a0<strong>Talleres, por su parte, se repleg\u00f3, esper\u00f3 su momento y apost\u00f3 a lastimar de contraataque<\/strong>, tratando de aprovechar los espacios que dejaba la Gloria en el fondo.<\/p>\n<\/div>\n<\/article>\n<article id=\"article-post\">\n<div class=\"cuerpo\" data-twitter-link=\"#TWEMBEDLINK#\">\n<p>El resumen de Talleres 2-0 Instituto<\/p>\n<div id=\"embed71_wrap\" class=\"embed_cont type_freetext\" contenteditable=\"false\">\n<div id=\"embed71_content\" class=\"embed_content\">\n<div id=\"embed71_embed\"><iframe loading=\"lazy\" title=\"LA T DERROT\u00d3 A LA GLORIA Y SE QUED\u00d3 CON EL CL\u00c1SICO EN EL KEMPES | Talleres 2-0 Instituto | RESUMEN\" src=\"https:\/\/www.youtube.com\/embed\/up0EJKFyb7I\" width=\"839\" height=\"472\" frameborder=\"0\" allowfullscreen=\"allowfullscreen\" data-gtm-yt-inspected-15=\"true\" data-mce-fragment=\"1\"><\/iframe><\/div>\n<\/div>\n<div class=\"embed_wrapper-cont\">\n<div id=\"embed71_epigrafe\" class=\"embed_epigrafe\"><\/div>\n<div id=\"embed71_copyright\" class=\"embed_copyright\"><\/div>\n<\/div>\n<\/div>\n<p><strong>Y, cuando el partido se terminaba, a los 47&#8242;, el equipo de T\u00e9vez encontr\u00f3 el segundo gol desde un contragolpe:<\/strong>\u00a0<strong>Rick Lima Morais tom\u00f3 la pelota en la mitad de la cancha, corri\u00f3 hasta la puerta del \u00e1rea y sacudi\u00f3 cruzado para sentenciar el cl\u00e1sico<\/strong>, desatando el festejo en el Kempes.<\/p>\n<\/div>\n<\/article>\n<article id=\"article-post\">\n<div class=\"cuerpo\" data-twitter-link=\"#TWEMBEDLINK#\">\n<p>Con este triunfo, Talleres lleg\u00f3 a 14 puntos y se ubic\u00f3 en puestos de playoffs, mientras que Instituto qued\u00f3 relegado con ocho unidades. En la pr\u00f3xima fecha, el Matador visitar\u00e1 a Belgrano en el Gigante de Alberdi y la Gloria recibir\u00e1 a Independiente en Alta C\u00f3rdoba.<\/p>\n<\/div>\n<\/article>\n","protected":false},"excerpt":{"rendered":"<p>Talleres se qued\u00f3 con el cl\u00e1sico cordob\u00e9s frente a Instituto al imponerse 2 a 0 en el estadio Mario Alberto<\/p>\n","protected":false},"author":1,"featured_media":29953,"comment_status":"closed","ping_status":"closed","sticky":false,"template":"","format":"standard","meta":{"footnotes":"","jetpack_publicize_message":"","jetpack_publicize_feature_enabled":true,"jetpack_social_post_already_shared":true,"jetpack_social_options":{"image_generator_settings":{"template":"highway","enabled":false},"version":2}},"categories":[9],"tags":[],"class_list":["post-29952","post","type-post","status-publish","format-standard","has-post-thumbnail","hentry","category-deportes"],"jetpack_publicize_connections":[],"_links":{"self":[{"href":"https:\/\/diariorepublica.com.ar\/web\/index.php\/wp-json\/wp\/v2\/posts\/29952"}],"collection":[{"href":"https:\/\/diariorepublica.com.ar\/web\/index.php\/wp-json\/wp\/v2\/posts"}],"about":[{"href":"https:\/\/diariorepublica.com.ar\/web\/index.php\/wp-json\/wp\/v2\/types\/post"}],"author":[{"embeddable":true,"href":"https:\/\/diariorepublica.com.ar\/web\/index.php\/wp-json\/wp\/v2\/users\/1"}],"replies":[{"embeddable":true,"href":"https:\/\/diariorepublica.com.ar\/web\/index.php\/wp-json\/wp\/v2\/comments?post=29952"}],"version-history":[{"count":1,"href":"https:\/\/diariorepublica.com.ar\/web\/index.php\/wp-json\/wp\/v2\/posts\/29952\/revisions"}],"predecessor-version":[{"id":29954,"href":"https:\/\/diariorepublica.com.ar\/web\/index.php\/wp-json\/wp\/v2\/posts\/29952\/revisions\/29954"}],"wp:featuredmedia":[{"embeddable":true,"href":"https:\/\/diariorepublica.com.ar\/web\/index.php\/wp-json\/wp\/v2\/media\/29953"}],"wp:attachment":[{"href":"https:\/\/diariorepublica.com.ar\/web\/index.php\/wp-json\/wp\/v2\/media?parent=29952"}],"wp:term":[{"taxonomy":"category","embeddable":true,"href":"https:\/\/diariorepublica.com.ar\/web\/index.php\/wp-json\/wp\/v2\/categories?post=29952"},{"taxonomy":"post_tag","embeddable":true,"href":"https:\/\/diariorepublica.com.ar\/web\/index.php\/wp-json\/wp\/v2\/tags?post=29952"}],"curies":[{"name":"wp","href":"https:\/\/api.w.org\/{rel}","templated":true}]}}