{"id":29958,"date":"2026-03-13T07:59:43","date_gmt":"2026-03-13T10:59:43","guid":{"rendered":"https:\/\/diariorepublica.com.ar\/web\/?p=29958"},"modified":"2026-03-13T07:59:45","modified_gmt":"2026-03-13T10:59:45","slug":"lumilagro-deja-de-fabricar-en-argentina-tras-83-anos-e-importara-termos-desde-china","status":"publish","type":"post","link":"https:\/\/diariorepublica.com.ar\/web\/index.php\/nacionales\/2026\/03\/13\/lumilagro-deja-de-fabricar-en-argentina-tras-83-anos-e-importara-termos-desde-china\/","title":{"rendered":"Lumilagro deja de fabricar en Argentina tras 83 a\u00f1os e importar\u00e1 termos desde China"},"content":{"rendered":"<p>El plan econ\u00f3mico de\u00a0<strong data-path-to-node=\"0\" data-index-in-node=\"21\">Javier Milei<\/strong>\u00a0y el ministro de Econom\u00eda\u00a0<strong data-path-to-node=\"0\" data-index-in-node=\"48\">Luis Caputo<\/strong>\u00a0sigue afectando a la\u00a0<strong>industria nacional<\/strong>. Los resultados de las medidas econ\u00f3micas son brutales, con\u00a0<strong>m\u00e1s de 22 mil empresas que cerraron y 200 mil empleos formales perdidos en solo dos a\u00f1os<\/strong>, afectando incluso a firmas que sobrevivieron un siglo de crisis pero que no aguantaron el actual giro libertario.<\/p>\n<article id=\"article-post\">\n<div class=\"cuerpo\" data-twitter-link=\"#TWEMBEDLINK#\">\n<p data-path-to-node=\"1\">Un ejemplo de esta realidad es el de\u00a0<strong data-path-to-node=\"1\" data-index-in-node=\"48\">Lumilagro<\/strong>. Con 83 a\u00f1os de historia, la empresa anunci\u00f3 que\u00a0<strong>apaga sus hornos para pasar a ser, b\u00e1sicamente, una importadora de termos de China, India y Vietnam<\/strong>. La ca\u00edda del 50% en las ventas en los \u00faltimos dos a\u00f1os fue el golpe de gracia para la compa\u00f1\u00eda fundada en 1941, que supo ser la \u00fanica f\u00e1brica de termos de vidrio en todo el continente americano. Ahora, lo que antes se produc\u00eda en el pa\u00eds se trae de afuera: las ampollas de vidrio vienen de India y los termos de acero de China.<\/p>\n<\/div>\n<\/article>\n<article id=\"article-post\">\n<div class=\"cuerpo\" data-twitter-link=\"#TWEMBEDLINK#\">\n<p data-path-to-node=\"2\"><em><strong data-path-to-node=\"2\" data-index-in-node=\"62\">\u00abHemos pasado malos momentos, en 1999 fue muy grave, nos salv\u00f3 la crisis del 2001 que devalu\u00f3 y el tipo de cambio hizo que todas las industrias sean muy competitivas. Desde el 2002 hasta el 2013 fue una muy buena \u00e9poca\u00bb<\/strong><\/em>, record\u00f3\u00a0<strong data-path-to-node=\"2\" data-index-in-node=\"291\">Mart\u00edn Nadler<\/strong>, director ejecutivo de la firma, en di\u00e1logo con\u00a0<em data-path-to-node=\"2\" data-index-in-node=\"353\">iProfesional<\/em>. El empresario repas\u00f3 c\u00f3mo en 2012 batieron r\u00e9cords de ventas y c\u00f3mo enfrentaron la llegada de productos extranjeros, pero hoy la situaci\u00f3n es muy distinta a la de aquellos a\u00f1os dorados.<\/p>\n<\/div>\n<\/article>\n<article id=\"article-post\">\n<div class=\"cuerpo\" data-twitter-link=\"#TWEMBEDLINK#\">\n<p data-path-to-node=\"3\">El ajuste en la plantilla de trabajadores refleja el drama social detr\u00e1s de los n\u00fameros. De los 350 empleados que llegaron a tener en 2013, hoy solo quedan 50 directos:\u00a0<em><strong data-path-to-node=\"3\" data-index-in-node=\"169\">\u00abEn 2022 ten\u00edamos 220 trabajadores, pero en los \u00faltimos dos a\u00f1os tuvimos que reducir el plantel y 170 personas se fueron con retiro voluntario, fue un proceso doloros\u00edsimo\u00bb<\/strong><\/em>, confes\u00f3 Nadler, quien admiti\u00f3 haber llorado al despedir gente que lo vio crecer, aunque asegura que el personal entendi\u00f3 que era la \u00fanica forma de que la empresa no desapareciera del todo.<\/p>\n<p data-path-to-node=\"5\">Adem\u00e1s de la crisis econ\u00f3mica,\u00a0<strong>Lumilagro denuncia una falta total de controles que pone en riesgo a los consumidores.<\/strong>\u00a0Seg\u00fan Nadler, en el pa\u00eds se consumen 4 millones de termos por a\u00f1o, pero entra la misma cantidad solo por contrabando desde Paraguay y el norte. Estos productos no cumplen con ninguna norma de seguridad:\u00a0<em><strong data-path-to-node=\"5\" data-index-in-node=\"321\">\u00abSon termos t\u00f3xicos y truchos, cuando est\u00e1n en contacto con agua caliente desprenden metales cancer\u00edgenos\u00bb<\/strong><\/em>, alert\u00f3 el due\u00f1o de la marca, denunciando que el Estado no hace nada para frenar esto con el objetivo de bajar precios a cualquier costo.<\/p>\n<p data-path-to-node=\"7\">En su planta de Tortuguitas, el trabajo cambi\u00f3 por completo.\u00a0<strong>Ya no se fabrica el coraz\u00f3n del termo, sino que se dedican a la personalizaci\u00f3n con serigraf\u00eda de escudos de f\u00fatbol o personajes de Disney.\u00a0<\/strong>Mientras tanto, analizan si conviene seguir fabricando botellas t\u00e9rmicas en el pa\u00eds o si terminan importando absolutamente todo de China.<\/p>\n<\/div>\n<\/article>\n<article id=\"article-post\">\n<div class=\"cuerpo\" data-twitter-link=\"#TWEMBEDLINK#\"><\/div>\n<\/article>\n","protected":false},"excerpt":{"rendered":"<p>El plan econ\u00f3mico de\u00a0Javier Milei\u00a0y el ministro de Econom\u00eda\u00a0Luis Caputo\u00a0sigue afectando a la\u00a0industria nacional. Los resultados de las medidas econ\u00f3micas<\/p>\n","protected":false},"author":1,"featured_media":29959,"comment_status":"closed","ping_status":"closed","sticky":false,"template":"","format":"standard","meta":{"footnotes":"","jetpack_publicize_message":"","jetpack_publicize_feature_enabled":true,"jetpack_social_post_already_shared":true,"jetpack_social_options":{"image_generator_settings":{"template":"highway","enabled":false},"version":2}},"categories":[4],"tags":[],"class_list":["post-29958","post","type-post","status-publish","format-standard","has-post-thumbnail","hentry","category-nacionales"],"jetpack_publicize_connections":[],"_links":{"self":[{"href":"https:\/\/diariorepublica.com.ar\/web\/index.php\/wp-json\/wp\/v2\/posts\/29958"}],"collection":[{"href":"https:\/\/diariorepublica.com.ar\/web\/index.php\/wp-json\/wp\/v2\/posts"}],"about":[{"href":"https:\/\/diariorepublica.com.ar\/web\/index.php\/wp-json\/wp\/v2\/types\/post"}],"author":[{"embeddable":true,"href":"https:\/\/diariorepublica.com.ar\/web\/index.php\/wp-json\/wp\/v2\/users\/1"}],"replies":[{"embeddable":true,"href":"https:\/\/diariorepublica.com.ar\/web\/index.php\/wp-json\/wp\/v2\/comments?post=29958"}],"version-history":[{"count":1,"href":"https:\/\/diariorepublica.com.ar\/web\/index.php\/wp-json\/wp\/v2\/posts\/29958\/revisions"}],"predecessor-version":[{"id":29960,"href":"https:\/\/diariorepublica.com.ar\/web\/index.php\/wp-json\/wp\/v2\/posts\/29958\/revisions\/29960"}],"wp:featuredmedia":[{"embeddable":true,"href":"https:\/\/diariorepublica.com.ar\/web\/index.php\/wp-json\/wp\/v2\/media\/29959"}],"wp:attachment":[{"href":"https:\/\/diariorepublica.com.ar\/web\/index.php\/wp-json\/wp\/v2\/media?parent=29958"}],"wp:term":[{"taxonomy":"category","embeddable":true,"href":"https:\/\/diariorepublica.com.ar\/web\/index.php\/wp-json\/wp\/v2\/categories?post=29958"},{"taxonomy":"post_tag","embeddable":true,"href":"https:\/\/diariorepublica.com.ar\/web\/index.php\/wp-json\/wp\/v2\/tags?post=29958"}],"curies":[{"name":"wp","href":"https:\/\/api.w.org\/{rel}","templated":true}]}}