{"id":29968,"date":"2026-03-13T08:18:31","date_gmt":"2026-03-13T11:18:31","guid":{"rendered":"https:\/\/diariorepublica.com.ar\/web\/?p=29968"},"modified":"2026-03-13T08:18:33","modified_gmt":"2026-03-13T11:18:33","slug":"la-autocritica-de-colapinto-tras-otra-floja-clasificacion-estoy-un-poco-perdido","status":"publish","type":"post","link":"https:\/\/diariorepublica.com.ar\/web\/index.php\/deportes\/2026\/03\/13\/la-autocritica-de-colapinto-tras-otra-floja-clasificacion-estoy-un-poco-perdido\/","title":{"rendered":"La autocr\u00edtica de Colapinto tras otra floja clasificaci\u00f3n: \u201cEstoy un poco perdido\u201d"},"content":{"rendered":"<p>El piloto argentino\u00a0<strong>Franco Colapinto (Alpine) se mostr\u00f3 muy autocr\u00edtico luego de su floja actuaci\u00f3n en la qualy<\/strong>\u00a0para la\u00a0<strong>carrera sprint del Gran Premio de China<\/strong>\u00a0y reconoci\u00f3 estar<strong>\u00a0\u201cun poco perdido\u201d.<\/strong><\/p>\n<p><strong>Colapinto qued\u00f3 16\u00ba en la clasificaci\u00f3n para la sprint<\/strong>, por lo que sigue sin mejorar en un aspecto que es su gran debilidad desde que lleg\u00f3 a la F\u00f3rmula 1.<\/p>\n<p>El resultado de su compa\u00f1ero de equipo en Alpine, el franc\u00e9s\u00a0<strong>Pierre Gasly, lo expone a\u00fan m\u00e1s ya que finaliz\u00f3 s\u00e9ptimo\u00a0<\/strong>y tendr\u00e1 serias chances de sumar puntos en la sprint de este s\u00e1bado a la medianoche.<\/p>\n<p><strong>\u201cEstoy un poco perdido porque qued\u00e9 muy lejos con Pierre y es la referencia que tengo\u201d<\/strong>, reconoci\u00f3 Colapinto en declaraciones televisivas luego de la tanda clasificatoria y a\u00f1adi\u00f3: \u201cEstaba cerca en la FP 1. Es una pista que no conoc\u00eda, ten\u00eda mucho por mejorar y trabajar, pero\u00a0<strong>no di el paso de la FP a la qualy\u201d.<\/strong><\/p>\n<p>A su vez, adelant\u00f3 que<strong>\u00a0\u201chay mucho para trabajar a la noche y mejorar para la qualy de ma\u00f1ana\u201d,\u00a0<\/strong>aunque rescat\u00f3 como punto positivo que \u201cfue bueno conocer la posta y entender un poquito m\u00e1s todo\u201d.<\/p>\n<p title=\"__IP__\" data-ipspy=\"__IP__\">Por \u00faltimo, analiz\u00f3:\u00a0<strong>\u201cMe falt\u00f3 bastante performance hoy. Hay que entender el por qu\u00e9 y volver mejor ma\u00f1ana\u201d.<\/strong><\/p>\n<p>La carrera sprint del Gran Premio de China, en la que el brit\u00e1nico George Russell (Mercedes) largar\u00e1 desde la pole position, est\u00e1 programada para las 00:00 de este s\u00e1bado.<\/p>\n<p>NA<\/p>\n","protected":false},"excerpt":{"rendered":"<p>El piloto argentino\u00a0Franco Colapinto (Alpine) se mostr\u00f3 muy autocr\u00edtico luego de su floja actuaci\u00f3n en la qualy\u00a0para la\u00a0carrera sprint del<\/p>\n","protected":false},"author":1,"featured_media":29969,"comment_status":"closed","ping_status":"closed","sticky":false,"template":"","format":"standard","meta":{"footnotes":"","jetpack_publicize_message":"","jetpack_publicize_feature_enabled":true,"jetpack_social_post_already_shared":true,"jetpack_social_options":{"image_generator_settings":{"template":"highway","enabled":false},"version":2}},"categories":[9],"tags":[],"class_list":["post-29968","post","type-post","status-publish","format-standard","has-post-thumbnail","hentry","category-deportes"],"jetpack_publicize_connections":[],"_links":{"self":[{"href":"https:\/\/diariorepublica.com.ar\/web\/index.php\/wp-json\/wp\/v2\/posts\/29968"}],"collection":[{"href":"https:\/\/diariorepublica.com.ar\/web\/index.php\/wp-json\/wp\/v2\/posts"}],"about":[{"href":"https:\/\/diariorepublica.com.ar\/web\/index.php\/wp-json\/wp\/v2\/types\/post"}],"author":[{"embeddable":true,"href":"https:\/\/diariorepublica.com.ar\/web\/index.php\/wp-json\/wp\/v2\/users\/1"}],"replies":[{"embeddable":true,"href":"https:\/\/diariorepublica.com.ar\/web\/index.php\/wp-json\/wp\/v2\/comments?post=29968"}],"version-history":[{"count":1,"href":"https:\/\/diariorepublica.com.ar\/web\/index.php\/wp-json\/wp\/v2\/posts\/29968\/revisions"}],"predecessor-version":[{"id":29970,"href":"https:\/\/diariorepublica.com.ar\/web\/index.php\/wp-json\/wp\/v2\/posts\/29968\/revisions\/29970"}],"wp:featuredmedia":[{"embeddable":true,"href":"https:\/\/diariorepublica.com.ar\/web\/index.php\/wp-json\/wp\/v2\/media\/29969"}],"wp:attachment":[{"href":"https:\/\/diariorepublica.com.ar\/web\/index.php\/wp-json\/wp\/v2\/media?parent=29968"}],"wp:term":[{"taxonomy":"category","embeddable":true,"href":"https:\/\/diariorepublica.com.ar\/web\/index.php\/wp-json\/wp\/v2\/categories?post=29968"},{"taxonomy":"post_tag","embeddable":true,"href":"https:\/\/diariorepublica.com.ar\/web\/index.php\/wp-json\/wp\/v2\/tags?post=29968"}],"curies":[{"name":"wp","href":"https:\/\/api.w.org\/{rel}","templated":true}]}}