{"id":29971,"date":"2026-03-13T00:24:00","date_gmt":"2026-03-13T03:24:00","guid":{"rendered":"https:\/\/diariorepublica.com.ar\/web\/?p=29971"},"modified":"2026-03-13T08:25:32","modified_gmt":"2026-03-13T11:25:32","slug":"el-senado-dio-sancion-definitiva-a-la-ley-de-creacion-de-clusteres-de-semilleros","status":"publish","type":"post","link":"https:\/\/diariorepublica.com.ar\/web\/index.php\/locales\/2026\/03\/13\/el-senado-dio-sancion-definitiva-a-la-ley-de-creacion-de-clusteres-de-semilleros\/","title":{"rendered":"El Senado dio sanci\u00f3n definitiva a la Ley de Creaci\u00f3n de Cl\u00fasteres de Semilleros"},"content":{"rendered":"<p>La C\u00e1mara de Senadores de Catamarca llev\u00f3 adelante este jueves la Segunda Sesi\u00f3n Extraordinaria, encabezada por su presidente provisorio, el senador Ram\u00f3n Figueroa Castellanos.<\/p>\n<p>Durante la sesi\u00f3n, y contando con despacho de comisi\u00f3n, el Pleno trat\u00f3 y dio sanci\u00f3n definitiva al proyecto de Ley que promueve la creaci\u00f3n de Cl\u00fasteres de Semilleros en el \u00e1mbito de la provincia.<\/p>\n<p>La normativa, que fue registrada bajo el N\u00b0 5934, tuvo como miembro informante al senador F\u00e9lix Jerez, presidente de la Comisi\u00f3n de Comercio, Industria, Desarrollo Rural y Econom\u00edas Regionales, quien expuso los fundamentos de la iniciativa ante el Cuerpo.<\/p>\n<p>Entre sus disposiciones, la ley establece la promoci\u00f3n de cl\u00fasteres semilleros entendidos como redes organizadas que integran las etapas de investigaci\u00f3n, producci\u00f3n, multiplicaci\u00f3n y comercializaci\u00f3n de semillas, fomentando la incorporaci\u00f3n de tecnolog\u00eda, la protecci\u00f3n de la propiedad intelectual y la articulaci\u00f3n entre empresas, universidades, centros de investigaci\u00f3n y organismos p\u00fablicos y privados.<\/p>\n<p>Asimismo, la normativa contempla que estos cl\u00fasteres puedan adoptar diversas formas jur\u00eddicas, definidas por los actores productivos involucrados de acuerdo con sus objetivos y planes estrat\u00e9gicos de desarrollo.<\/p>\n<p>De esta manera, la ley busca fortalecer el desarrollo sustentable de la industria semillera en la provincia, integrando las diferentes etapas del circuito productivo y promoviendo un enfoque integral que abarque desde la investigaci\u00f3n y el desarrollo gen\u00e9tico hasta la certificaci\u00f3n, el transporte y la comercializaci\u00f3n.<\/p>\n<p><b>Conformaci\u00f3n de Comisiones Permanentes<\/b><\/p>\n<p>Durante la sesi\u00f3n tambi\u00e9n se inform\u00f3 c\u00f3mo quedaron conformadas distintas Comisiones Permanentes de la C\u00e1mara:<br \/>\n*Justicia, Seguridad y Derechos Humanos: Presidente Guillermo Ferreyra y Secretario F\u00e9lix Jerez.<br \/>\n* Educaci\u00f3n, Ciencia, Tecnolog\u00eda y Modernizaci\u00f3n: Presidenta Bel\u00e9n Menecier y Secretaria D\u00e9bora Romero.<br \/>\n* Mujer, G\u00e9nero, Diversidad y Familia: Presidenta Carolina Casas y Secretaria Bel\u00e9n Menecier.<br \/>\n* Salud P\u00fablica y Deportes: Presidente Gonzalo Ormachea y Secretario Mario Gershani.<br \/>\n* Turismo, Arte y Cultura: Presidenta Elena Soriano y Secretaria Bel\u00e9n Menecier.<br \/>\n* Transporte, Infraestructura y Servicios P\u00fablicos: Presidente Mario Gershani y Secretario Gonzalo Ormachea.<br \/>\n* Labor Parlamentaria: Presidente Ram\u00f3n Figueroa Castellanos y Secretario Guillermo Ferreyra.<\/p>\n","protected":false},"excerpt":{"rendered":"<p>La C\u00e1mara de Senadores de Catamarca llev\u00f3 adelante este jueves la Segunda Sesi\u00f3n Extraordinaria, encabezada por su presidente provisorio, el<\/p>\n","protected":false},"author":1,"featured_media":29972,"comment_status":"closed","ping_status":"closed","sticky":false,"template":"","format":"standard","meta":{"footnotes":"","jetpack_publicize_message":"","jetpack_publicize_feature_enabled":true,"jetpack_social_post_already_shared":true,"jetpack_social_options":{"image_generator_settings":{"template":"highway","enabled":false},"version":2}},"categories":[2],"tags":[],"class_list":["post-29971","post","type-post","status-publish","format-standard","has-post-thumbnail","hentry","category-locales"],"jetpack_publicize_connections":[],"_links":{"self":[{"href":"https:\/\/diariorepublica.com.ar\/web\/index.php\/wp-json\/wp\/v2\/posts\/29971"}],"collection":[{"href":"https:\/\/diariorepublica.com.ar\/web\/index.php\/wp-json\/wp\/v2\/posts"}],"about":[{"href":"https:\/\/diariorepublica.com.ar\/web\/index.php\/wp-json\/wp\/v2\/types\/post"}],"author":[{"embeddable":true,"href":"https:\/\/diariorepublica.com.ar\/web\/index.php\/wp-json\/wp\/v2\/users\/1"}],"replies":[{"embeddable":true,"href":"https:\/\/diariorepublica.com.ar\/web\/index.php\/wp-json\/wp\/v2\/comments?post=29971"}],"version-history":[{"count":1,"href":"https:\/\/diariorepublica.com.ar\/web\/index.php\/wp-json\/wp\/v2\/posts\/29971\/revisions"}],"predecessor-version":[{"id":29973,"href":"https:\/\/diariorepublica.com.ar\/web\/index.php\/wp-json\/wp\/v2\/posts\/29971\/revisions\/29973"}],"wp:featuredmedia":[{"embeddable":true,"href":"https:\/\/diariorepublica.com.ar\/web\/index.php\/wp-json\/wp\/v2\/media\/29972"}],"wp:attachment":[{"href":"https:\/\/diariorepublica.com.ar\/web\/index.php\/wp-json\/wp\/v2\/media?parent=29971"}],"wp:term":[{"taxonomy":"category","embeddable":true,"href":"https:\/\/diariorepublica.com.ar\/web\/index.php\/wp-json\/wp\/v2\/categories?post=29971"},{"taxonomy":"post_tag","embeddable":true,"href":"https:\/\/diariorepublica.com.ar\/web\/index.php\/wp-json\/wp\/v2\/tags?post=29971"}],"curies":[{"name":"wp","href":"https:\/\/api.w.org\/{rel}","templated":true}]}}