{"id":29977,"date":"2026-03-14T09:21:00","date_gmt":"2026-03-14T12:21:00","guid":{"rendered":"https:\/\/diariorepublica.com.ar\/web\/?p=29977"},"modified":"2026-03-14T16:22:21","modified_gmt":"2026-03-14T19:22:21","slug":"la-bronca-de-franco-colapinto-por-largar-12-en-el-gran-premio-de-china","status":"publish","type":"post","link":"https:\/\/diariorepublica.com.ar\/web\/index.php\/deportes\/2026\/03\/14\/la-bronca-de-franco-colapinto-por-largar-12-en-el-gran-premio-de-china\/","title":{"rendered":"La \u00abbronca\u00bb de Franco Colapinto por largar 12\u00b0 en el Gran Premio de China"},"content":{"rendered":"<p><strong data-start=\"0\" data-end=\"41\">Franco Colapinto<\/strong>\u00a0largar\u00e1 desde la\u00a0<strong data-start=\"59\" data-end=\"75\">12\u00b0 posici\u00f3n<\/strong>\u00a0en el\u00a0<strong data-start=\"82\" data-end=\"123\">Gran Premio de China 2026<\/strong>, la carrera principal del domingo 15 de marzo (4 hs de Argentina). El piloto argentino de Alpine mostr\u00f3 una clara mejora respecto al viernes y qued\u00f3 muy cerca de ingresar a la Q3.<\/p>\n<article class=\"article-body\">\n<div class=\"article-content\">\n<div class=\"news-body-paragraph\" data-twitter-link=\"\">\n<p data-start=\"411\" data-end=\"776\">En la\u00a0<strong data-start=\"417\" data-end=\"444\">clasificaci\u00f3n principal<\/strong>\u00a0del\u00a0<strong data-start=\"449\" data-end=\"471\">s\u00e1bado<\/strong>, Colapinto avanz\u00f3 sin problemas a la Q2 y finaliz\u00f3 12\u00b0 con un tiempo de 1:33.357, a solo 5 mil\u00e9simas del corte para la Q3 (<strong>eliminado por Isack Hadjar<\/strong>). Su registro lo dej\u00f3 al borde de los puntos y marc\u00f3 su mejor clasificaci\u00f3n del a\u00f1o hasta el momento.<\/p>\n<\/div>\n<\/div>\n<\/article>\n<article class=\"article-body par-3\">\n<div class=\"article-content\">\n<div class=\"news-body-paragraph\" data-twitter-link=\"\">\n<p data-start=\"778\" data-end=\"953\">\u00abCuando te falta tan poco para pasar y estar m\u00e1s cerca de los puntos,\u00a0<strong>da mucha bronca<\/strong>\u00ab, expres\u00f3 el joven oriundo de Pilar, que al mismo tiempo calific\u00f3 la sesi\u00f3n como una\u00a0<strong data-start=\"935\" data-end=\"952\">\u201cbuena qualy\u201d<\/strong>.<\/p>\n<\/div>\n<\/div>\n<\/article>\n<article class=\"article-body par-4\">\n<div class=\"article-content\">\n<div class=\"news-body-paragraph\" data-twitter-link=\"\">\n<p data-start=\"955\" data-end=\"1305\">El viernes hab\u00eda arrancado complicado para Colapinto con la carrera sprint: qued\u00f3 15\u00b0 en la pr\u00e1ctica libre, 16\u00b0 en la clasificaci\u00f3n sprint con un tiempo de 1:34.327 y termin\u00f3 14\u00b0 en la carrera corta del s\u00e1bado a la medianoche argentina, donde gan\u00f3 posiciones gracias a una buena largada, aunque no sum\u00f3 puntos.<\/p>\n<p data-start=\"955\" data-end=\"1305\">a24.com<\/p>\n<\/div>\n<\/div>\n<\/article>\n","protected":false},"excerpt":{"rendered":"<p>Franco Colapinto\u00a0largar\u00e1 desde la\u00a012\u00b0 posici\u00f3n\u00a0en el\u00a0Gran Premio de China 2026, la carrera principal del domingo 15 de marzo (4 hs<\/p>\n","protected":false},"author":1,"featured_media":29978,"comment_status":"closed","ping_status":"closed","sticky":false,"template":"","format":"standard","meta":{"footnotes":"","jetpack_publicize_message":"","jetpack_publicize_feature_enabled":true,"jetpack_social_post_already_shared":true,"jetpack_social_options":{"image_generator_settings":{"template":"highway","enabled":false},"version":2}},"categories":[9],"tags":[],"class_list":["post-29977","post","type-post","status-publish","format-standard","has-post-thumbnail","hentry","category-deportes"],"jetpack_publicize_connections":[],"_links":{"self":[{"href":"https:\/\/diariorepublica.com.ar\/web\/index.php\/wp-json\/wp\/v2\/posts\/29977"}],"collection":[{"href":"https:\/\/diariorepublica.com.ar\/web\/index.php\/wp-json\/wp\/v2\/posts"}],"about":[{"href":"https:\/\/diariorepublica.com.ar\/web\/index.php\/wp-json\/wp\/v2\/types\/post"}],"author":[{"embeddable":true,"href":"https:\/\/diariorepublica.com.ar\/web\/index.php\/wp-json\/wp\/v2\/users\/1"}],"replies":[{"embeddable":true,"href":"https:\/\/diariorepublica.com.ar\/web\/index.php\/wp-json\/wp\/v2\/comments?post=29977"}],"version-history":[{"count":1,"href":"https:\/\/diariorepublica.com.ar\/web\/index.php\/wp-json\/wp\/v2\/posts\/29977\/revisions"}],"predecessor-version":[{"id":29979,"href":"https:\/\/diariorepublica.com.ar\/web\/index.php\/wp-json\/wp\/v2\/posts\/29977\/revisions\/29979"}],"wp:featuredmedia":[{"embeddable":true,"href":"https:\/\/diariorepublica.com.ar\/web\/index.php\/wp-json\/wp\/v2\/media\/29978"}],"wp:attachment":[{"href":"https:\/\/diariorepublica.com.ar\/web\/index.php\/wp-json\/wp\/v2\/media?parent=29977"}],"wp:term":[{"taxonomy":"category","embeddable":true,"href":"https:\/\/diariorepublica.com.ar\/web\/index.php\/wp-json\/wp\/v2\/categories?post=29977"},{"taxonomy":"post_tag","embeddable":true,"href":"https:\/\/diariorepublica.com.ar\/web\/index.php\/wp-json\/wp\/v2\/tags?post=29977"}],"curies":[{"name":"wp","href":"https:\/\/api.w.org\/{rel}","templated":true}]}}