{"id":29980,"date":"2026-03-14T16:24:11","date_gmt":"2026-03-14T19:24:11","guid":{"rendered":"https:\/\/diariorepublica.com.ar\/web\/?p=29980"},"modified":"2026-03-14T16:24:13","modified_gmt":"2026-03-14T19:24:13","slug":"estados-unidos-volvio-a-apoyar-a-la-argentina-en-el-juicio-por-ypf","status":"publish","type":"post","link":"https:\/\/diariorepublica.com.ar\/web\/index.php\/internacionales\/2026\/03\/14\/estados-unidos-volvio-a-apoyar-a-la-argentina-en-el-juicio-por-ypf\/","title":{"rendered":"Estados Unidos volvi\u00f3 a apoyar a la Argentina en el juicio por YPF"},"content":{"rendered":"<p>La\u00a0<strong data-start=\"3\" data-end=\"42\">Procuraci\u00f3n del Tesoro de la Naci\u00f3n<\/strong>\u00a0inform\u00f3 este s\u00e1bado que el\u00a0<strong data-start=\"70\" data-end=\"120\">Departamento de Justicia de los Estados Unidos<\/strong>\u00a0present\u00f3 un\u00a0<strong data-start=\"133\" data-end=\"147\">memor\u00e1ndum<\/strong>\u00a0ante la C\u00e1mara de Apelaciones del Segundo Circuito de Nueva York, en respaldo de la\u00a0<strong data-start=\"236\" data-end=\"260\">moci\u00f3n de emergencia<\/strong>\u00a0interpuesta por la\u00a0<strong data-start=\"280\" data-end=\"303\">Rep\u00fablica Argentina<\/strong>\u00a0para suspender el proceso de\u00a0<strong data-start=\"333\" data-end=\"361\">discovery post sentencia<\/strong>\u00a0en el\u00a0<strong data-start=\"368\" data-end=\"380\">caso YPF<\/strong>.<\/p>\n<article class=\"article-body\">\n<div class=\"article-content\">\n<div class=\"news-body-paragraph\" data-twitter-link=\"\">\n<p data-start=\"383\" data-end=\"896\">Cabe recordar que, en su moci\u00f3n de emergencia presentada el 6 de marzo, el\u00a0Gobierno solicit\u00f3 la suspensi\u00f3n de la etapa de producci\u00f3n de documentos (discovery), del requerimiento de sanciones y de la audiencia probatoria fijada entre el 21 y el 23 de abril de 2026. Esta solicitud se enmarca en el litigio por la expropiaci\u00f3n de YPF, donde Argentina enfrenta una condena de aproximadamente de 16.100 millones de d\u00f3lares m\u00e1s intereses (estimados en torno a los US$18.000 millones en total).<\/p>\n<\/div>\n<\/div>\n<\/article>\n<article class=\"article-body par-3\">\n<div class=\"article-content\">\n<div class=\"news-body-paragraph\" data-twitter-link=\"\">\n<p data-start=\"898\" data-end=\"1360\">En su presentaci\u00f3n, el\u00a0<strong data-start=\"921\" data-end=\"949\">Departamento de Justicia<\/strong>\u00a0sostuvo que el\u00a0<strong data-start=\"965\" data-end=\"999\">discovery actualmente en curso<\/strong>\u00a0resulta\u00a0<strong data-start=\"1008\" data-end=\"1049\">\u201cexcesivamente intrusivo y contrario\u201d<\/strong>\u00a0a los\u00a0<strong data-start=\"1056\" data-end=\"1111\">principios de cortes\u00eda internacional y reciprocidad<\/strong>. Se\u00f1al\u00f3 adem\u00e1s que este tipo de\u00a0<strong data-start=\"1144\" data-end=\"1197\">requerimientos dirigidos contra Estados soberanos<\/strong>\u00a0puede\u00a0<strong data-start=\"1204\" data-end=\"1241\">\u201cgenerar fricciones diplom\u00e1ticas\u201d<\/strong>\u00a0y abrir la posibilidad de que\u00a0<strong data-start=\"1272\" data-end=\"1359\">tribunales extranjeros impongan medidas similares contra los propios Estados Unidos<\/strong>.<\/p>\n<\/div>\n<\/div>\n<\/article>\n<article class=\"article-body par-4\">\n<div class=\"article-content\">\n<div class=\"news-body-paragraph\" data-twitter-link=\"\">\n<p data-start=\"1362\" data-end=\"1673\">Asimismo, destac\u00f3 que, al evaluar el factor de inter\u00e9s p\u00fablico en una solicitud de suspensi\u00f3n, los tribunales deben considerar los posibles efectos sobre las relaciones exteriores y, en ese marco, otorgar especial deferencia a la posici\u00f3n del Poder Ejecutivo en materia de pol\u00edtica exterior.<\/p>\n<p data-start=\"1675\" data-end=\"2000\">En consecuencia, el\u00a0<strong data-start=\"1695\" data-end=\"1709\">memor\u00e1ndum<\/strong>\u00a0solicit\u00f3 que, al resolver la\u00a0<strong data-start=\"1739\" data-end=\"1815\">moci\u00f3n presentada por la Rep\u00fablica Argentina para suspender el discovery<\/strong>, el\u00a0<strong data-start=\"1820\" data-end=\"1832\">tribunal<\/strong>\u00a0tenga debidamente en cuenta los\u00a0<strong data-start=\"1865\" data-end=\"1999\">principios de \u201ccortes\u00eda internacional, reciprocidad y las implicancias que la cuesti\u00f3n puede tener para las relaciones exteriores\u201d<\/strong>.<\/p>\n<p data-start=\"0\" data-end=\"450\" data-is-last-node=\"\" data-is-only-node=\"\">En ese contexto, la Procuraci\u00f3n del Tesoro, encabezada por el exsecretario de Justicia Sebasti\u00e1n Amerio, agradeci\u00f3 el respaldo del Departamento de Justicia estadounidense, que ya hab\u00eda intervenido en etapas previas del caso a favor de la posici\u00f3n argentina. Adem\u00e1s, comunic\u00f3 que continuar\u00e1 ejerciendo la representaci\u00f3n del Estado nacional con \u201crigor t\u00e9cnico y responsabilidad institucional,\u00a0<strong>en defensa de los intereses de la Rep\u00fablica Argentina<\/strong>\u201d.<\/p>\n<p data-start=\"0\" data-end=\"450\" data-is-last-node=\"\" data-is-only-node=\"\">a24.com<\/p>\n<\/div>\n<\/div>\n<\/article>\n","protected":false},"excerpt":{"rendered":"<p>La\u00a0Procuraci\u00f3n del Tesoro de la Naci\u00f3n\u00a0inform\u00f3 este s\u00e1bado que el\u00a0Departamento de Justicia de los Estados Unidos\u00a0present\u00f3 un\u00a0memor\u00e1ndum\u00a0ante la C\u00e1mara de<\/p>\n","protected":false},"author":1,"featured_media":29981,"comment_status":"closed","ping_status":"closed","sticky":false,"template":"","format":"standard","meta":{"footnotes":"","jetpack_publicize_message":"","jetpack_publicize_feature_enabled":true,"jetpack_social_post_already_shared":true,"jetpack_social_options":{"image_generator_settings":{"template":"highway","enabled":false},"version":2}},"categories":[6],"tags":[],"class_list":["post-29980","post","type-post","status-publish","format-standard","has-post-thumbnail","hentry","category-internacionales"],"jetpack_publicize_connections":[],"_links":{"self":[{"href":"https:\/\/diariorepublica.com.ar\/web\/index.php\/wp-json\/wp\/v2\/posts\/29980"}],"collection":[{"href":"https:\/\/diariorepublica.com.ar\/web\/index.php\/wp-json\/wp\/v2\/posts"}],"about":[{"href":"https:\/\/diariorepublica.com.ar\/web\/index.php\/wp-json\/wp\/v2\/types\/post"}],"author":[{"embeddable":true,"href":"https:\/\/diariorepublica.com.ar\/web\/index.php\/wp-json\/wp\/v2\/users\/1"}],"replies":[{"embeddable":true,"href":"https:\/\/diariorepublica.com.ar\/web\/index.php\/wp-json\/wp\/v2\/comments?post=29980"}],"version-history":[{"count":1,"href":"https:\/\/diariorepublica.com.ar\/web\/index.php\/wp-json\/wp\/v2\/posts\/29980\/revisions"}],"predecessor-version":[{"id":29982,"href":"https:\/\/diariorepublica.com.ar\/web\/index.php\/wp-json\/wp\/v2\/posts\/29980\/revisions\/29982"}],"wp:featuredmedia":[{"embeddable":true,"href":"https:\/\/diariorepublica.com.ar\/web\/index.php\/wp-json\/wp\/v2\/media\/29981"}],"wp:attachment":[{"href":"https:\/\/diariorepublica.com.ar\/web\/index.php\/wp-json\/wp\/v2\/media?parent=29980"}],"wp:term":[{"taxonomy":"category","embeddable":true,"href":"https:\/\/diariorepublica.com.ar\/web\/index.php\/wp-json\/wp\/v2\/categories?post=29980"},{"taxonomy":"post_tag","embeddable":true,"href":"https:\/\/diariorepublica.com.ar\/web\/index.php\/wp-json\/wp\/v2\/tags?post=29980"}],"curies":[{"name":"wp","href":"https:\/\/api.w.org\/{rel}","templated":true}]}}