{"id":29983,"date":"2026-03-14T16:26:11","date_gmt":"2026-03-14T19:26:11","guid":{"rendered":"https:\/\/diariorepublica.com.ar\/web\/?p=29983"},"modified":"2026-03-14T16:26:14","modified_gmt":"2026-03-14T19:26:14","slug":"adorni-se-refirio-a-la-polemica-por-el-viaje-de-su-esposa-en-el-avion-presidencial-no-creo-que-me-vuelva-a-acompanar","status":"publish","type":"post","link":"https:\/\/diariorepublica.com.ar\/web\/index.php\/politica\/2026\/03\/14\/adorni-se-refirio-a-la-polemica-por-el-viaje-de-su-esposa-en-el-avion-presidencial-no-creo-que-me-vuelva-a-acompanar\/","title":{"rendered":"Adorni se refiri\u00f3 a la pol\u00e9mica por el viaje de su esposa en el avi\u00f3n presidencial: \u00abNo creo que me vuelva a acompa\u00f1ar\u00bb"},"content":{"rendered":"<article class=\"article-body article-body--first-paragraph content-protected-false\" data-td-script-src=\"https:\/\/www.ambito.com\/td\/modulos\/encuestas\/js\/function-embeds-min-version-1773461229.js\">Manuel Adorni habl\u00f3 de la pol\u00e9mica que lo tiene como protagonista,\u00a0luego de que Bettina Angeletti &#8211; su esposa &#8211; lo acompa\u00f1ar\u00e1 a la \u00abArgentina Week\u00bb en Nueva York, a bordo del avi\u00f3n presidencial. Sobre el hecho, insisti\u00f3 en que su pareja<strong>\u00a0\u00abfue una invitada de Presidencia de la Naci\u00f3n y no implic\u00f3 ning\u00fan costo para el Estado\u00bb<\/strong>\u00a0y sentenci\u00f3:\u00a0<strong>\u00abNo creo que me vuelva a acompa\u00f1ar\u00bb.<\/strong><\/p>\n<\/article>\n<article class=\"article-body article-body--second-paragraph content-protected-false\">En referencia a las cr\u00edticas recibidas durante los \u00faltimos d\u00edas,\u00a0el jefe de Gabinete\u00a0asegur\u00f3 que el hecho sirvi\u00f3 de excusa para que \u00abuna manga de seres llenos de maldad y da\u00f1inos y con miles de intereses\u00bb los \u00abataquen\u00bb. En ese sentido, en di\u00e1logo con la revista Forbes, denunci\u00f3 que los\u00a0<strong>videos de Punta del Este<\/strong>\u00a0fueron una \u00aboperaci\u00f3n\u00bb:<strong>\u00a0\u00abAlguien guard\u00f3 el video un mes para encontrar el momento justo y armar una historia donde no hay nada ni legal, ni anti\u00e9tico, ni malo\u00bb.<\/strong><\/p>\n<article class=\"article-body article-body--third-paragraph content-protected-false\">Al ser consultado si Angeletti volver\u00eda a subirse al avi\u00f3n, qui\u00e9n tambi\u00e9n cumple el rol de vocero presidencial respondi\u00f3:<strong>\u00a0\u00abSi uno puede volver atr\u00e1s, evidentemente no\u00bb.<\/strong><\/p>\n<\/article>\n<article class=\"article-body article-body--fourth-paragraph content-protected-false\">\u00abPara evitar que jueguen con nosotros, debemos cuidar que no puedan ensuciar.\u00a0<strong>No, no creo que me vuelva a acompa\u00f1ar, nosotros nunca buscamos esto.<\/strong>\u00a0Somos humanos comunes y corrientes que queremos tener vidas sencillas como las que ten\u00edamos antes de todo esto\u00bb, ahond\u00f3 en su justificaci\u00f3n.<\/p>\n<article class=\"article-body article-body--fifth-paragraph content-protected-false\">Sobre los v\u00eddeos en los que se lo ve abordando un avi\u00f3n privado con destino a Punta del Este, Uruguay, Adorni dio su versi\u00f3n de los hechos:\u00a0<strong>\u00abUn amigo de toda la vida, de much\u00edsimos a\u00f1os, ten\u00eda el viaje en un vuelo hacia Punta del Este, me invit\u00f3 a subir.<\/strong>\u00a0Convenimos en que la parte m\u00eda me la ten\u00eda que pagar yo. Pagu\u00e9 un proporcional del vuelo en el avi\u00f3n y me fui cuatro d\u00edas a Punta del Este, eso fue todo\u00bb.<\/p>\n<\/article>\n<article class=\"article-body article-body--remaining-paragraph content-protected-false\">Por otro lado, el funcionario tambi\u00e9n se hizo eco de las cr\u00edticas que\u00a0<strong>apuntaron contra su primer justificaci\u00f3n<\/strong>, cuando hablo de viajar a \u00abdeslomarse\u00bb. En este sentido &#8211; a diferencia de con el resto de acusaciones &#8211; tom\u00f3 la responsabilidad en los hechos y afirm\u00f3: \u00abEstoy tranquilo con los hechos. Pero dije una frase absolutamente desafortunada\u00bb.<\/p>\n<p>\u00abDije que mi mujer me hab\u00eda acompa\u00f1ado porque<strong>\u00a0ven\u00eda a deslomarme a la Argentina Week,\u00a0<\/strong>y eso fue desafortunado. En un vivo uno se equivoca mil veces. (&#8230;) Cuando dije la palabra \u00abdeslomado\u00bb gener\u00f3 una sensaci\u00f3n de rechazo que est\u00e1 perfecto, porque realmente estuvo mal la palabra\u00bb, detall\u00f3.<\/p>\n<p>Por \u00faltimo, Adorni\u00a0agradeci\u00f3 al Gobierno &#8211; de\u00a0<strong>Santiago Caputo\u00a0<\/strong>a\u00a0<strong>Karina Milei\u00a0<\/strong>&#8211; por el respaldo otorgado\u00a0en medio del debate p\u00fablico. \u00abEstamos todos muy unidos\u00bb, sentenci\u00f3.<\/p>\n<p>ambito.com<\/p>\n<\/article>\n<\/article>\n<\/article>\n","protected":false},"excerpt":{"rendered":"<p>Manuel Adorni habl\u00f3 de la pol\u00e9mica que lo tiene como protagonista,\u00a0luego de que Bettina Angeletti &#8211; su esposa &#8211; lo<\/p>\n","protected":false},"author":1,"featured_media":29984,"comment_status":"closed","ping_status":"closed","sticky":false,"template":"","format":"standard","meta":{"footnotes":"","jetpack_publicize_message":"","jetpack_publicize_feature_enabled":true,"jetpack_social_post_already_shared":true,"jetpack_social_options":{"image_generator_settings":{"template":"highway","enabled":false},"version":2}},"categories":[12],"tags":[],"class_list":["post-29983","post","type-post","status-publish","format-standard","has-post-thumbnail","hentry","category-politica"],"jetpack_publicize_connections":[],"_links":{"self":[{"href":"https:\/\/diariorepublica.com.ar\/web\/index.php\/wp-json\/wp\/v2\/posts\/29983"}],"collection":[{"href":"https:\/\/diariorepublica.com.ar\/web\/index.php\/wp-json\/wp\/v2\/posts"}],"about":[{"href":"https:\/\/diariorepublica.com.ar\/web\/index.php\/wp-json\/wp\/v2\/types\/post"}],"author":[{"embeddable":true,"href":"https:\/\/diariorepublica.com.ar\/web\/index.php\/wp-json\/wp\/v2\/users\/1"}],"replies":[{"embeddable":true,"href":"https:\/\/diariorepublica.com.ar\/web\/index.php\/wp-json\/wp\/v2\/comments?post=29983"}],"version-history":[{"count":1,"href":"https:\/\/diariorepublica.com.ar\/web\/index.php\/wp-json\/wp\/v2\/posts\/29983\/revisions"}],"predecessor-version":[{"id":29985,"href":"https:\/\/diariorepublica.com.ar\/web\/index.php\/wp-json\/wp\/v2\/posts\/29983\/revisions\/29985"}],"wp:featuredmedia":[{"embeddable":true,"href":"https:\/\/diariorepublica.com.ar\/web\/index.php\/wp-json\/wp\/v2\/media\/29984"}],"wp:attachment":[{"href":"https:\/\/diariorepublica.com.ar\/web\/index.php\/wp-json\/wp\/v2\/media?parent=29983"}],"wp:term":[{"taxonomy":"category","embeddable":true,"href":"https:\/\/diariorepublica.com.ar\/web\/index.php\/wp-json\/wp\/v2\/categories?post=29983"},{"taxonomy":"post_tag","embeddable":true,"href":"https:\/\/diariorepublica.com.ar\/web\/index.php\/wp-json\/wp\/v2\/tags?post=29983"}],"curies":[{"name":"wp","href":"https:\/\/api.w.org\/{rel}","templated":true}]}}