{"id":29986,"date":"2026-03-14T16:27:41","date_gmt":"2026-03-14T19:27:41","guid":{"rendered":"https:\/\/diariorepublica.com.ar\/web\/?p=29986"},"modified":"2026-03-14T16:27:43","modified_gmt":"2026-03-14T19:27:43","slug":"ordenan-embargar-el-sueldo-de-brian-sarmiento-en-gran-hermano","status":"publish","type":"post","link":"https:\/\/diariorepublica.com.ar\/web\/index.php\/espectaculos\/2026\/03\/14\/ordenan-embargar-el-sueldo-de-brian-sarmiento-en-gran-hermano\/","title":{"rendered":"Ordenan embargar el sueldo de Brian Sarmiento en Gran Hermano"},"content":{"rendered":"<article id=\"article-post\" class=\"first\">\n<div class=\"cuerpo\" data-twitter-link=\"https:\/\/twitter.com\/intent\/tweet?url=https:\/\/www.diariopopular.com.ar\/c890609&amp;via=poopulardiario&amp;related=Popular&amp;text=\">\n<p data-start=\"0\" data-end=\"587\">El exfutbolista\u00a0<strong data-start=\"16\" data-end=\"57\">Brian Sarmiento<\/strong>\u00a0recibi\u00f3 un\u00a0<strong data-start=\"69\" data-end=\"92\">duro rev\u00e9s judicial<\/strong>\u00a0mientras participa de\u00a0<strong data-start=\"115\" data-end=\"174\">Gran Hermano Generaci\u00f3n Dorada<\/strong>. La Justicia orden\u00f3\u00a0<strong data-start=\"195\" data-end=\"231\">embargar $1.500.000 de su sueldo<\/strong>\u00a0por una\u00a0<strong data-start=\"240\" data-end=\"293\">deuda de cuota alimentaria con su hija de diez a\u00f1os<\/strong>, una medida que ya fue notificada al canal\u00a0<strong data-start=\"337\" data-end=\"378\">Telefe<\/strong>\u00a0y a la productora\u00a0<strong data-start=\"397\" data-end=\"438\">Kuarzo Entertainment Argentina<\/strong>. El monto equivale pr\u00e1cticamente\u00a0<strong data-start=\"472\" data-end=\"522\">al salario de su primer mes dentro del reality<\/strong>, lo que gener\u00f3 repercusi\u00f3n inmediata en el entorno del programa.<\/p>\n<\/div>\n<\/article>\n<article id=\"article-post\">\n<div class=\"cuerpo\" data-twitter-link=\"#TWEMBEDLINK#\">\n<p data-start=\"589\" data-end=\"936\">Seg\u00fan se inform\u00f3 en el ciclo\u00a0<strong data-start=\"618\" data-end=\"659\">El Diario de Mariana<\/strong>, el embargo corresponde\u00a0<strong data-start=\"684\" data-end=\"738\">a los primeros dos meses impagos m\u00e1s los intereses<\/strong>. El abogado de la madre de la menor,\u00a0<strong data-start=\"776\" data-end=\"817\">Horacio Solari<\/strong>, confirm\u00f3 que el dinero que cobre el exfutbolista\u00a0<strong data-start=\"868\" data-end=\"935\">no podr\u00e1 ir a sus bolsillos hasta cubrir esta parte de la deuda<\/strong>.<\/p>\n<\/div>\n<\/article>\n<article id=\"article-post\">\n<div class=\"cuerpo\" data-twitter-link=\"#TWEMBEDLINK#\">\n<p data-start=\"938\" data-end=\"1287\">De acuerdo con la denuncia presentada por su expareja,\u00a0<strong data-start=\"993\" data-end=\"1015\">Jazm\u00edn Tessie Poza<\/strong>, Sarmiento deb\u00eda pagar\u00a0<strong data-start=\"1039\" data-end=\"1064\">300 d\u00f3lares mensuales<\/strong>\u00a0de cuota alimentaria. Sin embargo,\u00a0<strong data-start=\"1100\" data-end=\"1129\">lleva 22 meses sin abonar<\/strong>, lo que elev\u00f3 la deuda total a\u00a0<strong data-start=\"1161\" data-end=\"1177\">$18.000.000<\/strong>. El embargo actual es\u00a0<strong data-start=\"1200\" data-end=\"1211\">parcial<\/strong>, ya que el resto del monto se definir\u00e1 en una pr\u00f3xima liquidaci\u00f3n judicial.<\/p>\n<article id=\"article-post\">\n<div class=\"cuerpo\" data-twitter-link=\"#TWEMBEDLINK#\">\n<p data-start=\"1289\" data-end=\"1802\">En ese contexto, la producci\u00f3n del reality eval\u00faa\u00a0<strong data-start=\"1339\" data-end=\"1418\">si informarle o no la medida judicial mientras permanece aislado en la casa<\/strong>, ya que cualquier noticia del exterior puede afectar su desempe\u00f1o en el juego. El abogado del exfutbolista,\u00a0<strong data-start=\"1527\" data-end=\"1568\">Juan Bergerot<\/strong>, asegur\u00f3 que estaba al tanto del proceso y que el propio Sarmiento le hab\u00eda indicado que procediera si llegaba una notificaci\u00f3n. Desde su entorno sostienen que\u00a0<strong data-start=\"1729\" data-end=\"1801\">no ten\u00eda dinero para afrontar la deuda antes de ingresar al programa<\/strong>.<\/p>\n<\/div>\n<\/article>\n<article id=\"article-post\">\n<div class=\"cuerpo\" data-twitter-link=\"#TWEMBEDLINK#\">\n<p data-start=\"1804\" data-end=\"2203\">En medio de la pol\u00e9mica tambi\u00e9n surgieron\u00a0<strong data-start=\"1846\" data-end=\"1870\">tensiones familiares<\/strong>. Su hermano,\u00a0<strong>Iv\u00e1n Sarmiento<\/strong>, habl\u00f3 p\u00fablicamente sobre el distanciamiento entre ambos y asegur\u00f3 que decidi\u00f3 dar su versi\u00f3n porque \u201c<strong data-start=\"2001\" data-end=\"2039\">no le gusta que ensucien su nombre<\/strong>\u201d. Seg\u00fan cont\u00f3 en el stream\u00a0<strong>Ya fue todo<\/strong>, nunca pudo hablar con el exjugador sobre el origen del conflicto y sostuvo que su padre qued\u00f3\u00a0<strong data-start=\"2176\" data-end=\"2202\">en medio de la disputa<\/strong>.<\/p>\n<p data-start=\"2205\" data-end=\"2547\">Dentro de la casa, Sarmiento ya se hab\u00eda convertido en\u00a0<strong data-start=\"2260\" data-end=\"2302\">uno de los participantes m\u00e1s pol\u00e9micos<\/strong>. Su estilo frontal gener\u00f3 varias discusiones, entre ellas un cruce con la actriz\u00a0<strong data-start=\"2384\" data-end=\"2425\">Andrea del Boca<\/strong>, a quien acus\u00f3 de haber puesto\u00a0<strong data-start=\"2457\" data-end=\"2507\">comino en una comida sabiendo que le hac\u00eda mal<\/strong>, lo que deriv\u00f3 en una fuerte discusi\u00f3n.<\/p>\n<p data-start=\"2549\" data-end=\"2736\" data-is-last-node=\"\" data-is-only-node=\"\">Con ese historial dentro del reality y ahora con\u00a0<strong data-start=\"2598\" data-end=\"2637\">un embargo judicial sobre su sueldo<\/strong>, el futuro de Brian Sarmiento en\u00a0<strong>Gran Hermano Generaci\u00f3n Dorada<\/strong>\u00a0qued\u00f3 envuelto en incertidumbre.<\/p>\n<\/div>\n<\/article>\n<\/div>\n<\/article>\n","protected":false},"excerpt":{"rendered":"<p>El exfutbolista\u00a0Brian Sarmiento\u00a0recibi\u00f3 un\u00a0duro rev\u00e9s judicial\u00a0mientras participa de\u00a0Gran Hermano Generaci\u00f3n Dorada. La Justicia orden\u00f3\u00a0embargar $1.500.000 de su sueldo\u00a0por una\u00a0deuda de<\/p>\n","protected":false},"author":1,"featured_media":29987,"comment_status":"closed","ping_status":"closed","sticky":false,"template":"","format":"standard","meta":{"footnotes":"","jetpack_publicize_message":"","jetpack_publicize_feature_enabled":true,"jetpack_social_post_already_shared":true,"jetpack_social_options":{"image_generator_settings":{"template":"highway","enabled":false},"version":2}},"categories":[7],"tags":[],"class_list":["post-29986","post","type-post","status-publish","format-standard","has-post-thumbnail","hentry","category-espectaculos"],"jetpack_publicize_connections":[],"_links":{"self":[{"href":"https:\/\/diariorepublica.com.ar\/web\/index.php\/wp-json\/wp\/v2\/posts\/29986"}],"collection":[{"href":"https:\/\/diariorepublica.com.ar\/web\/index.php\/wp-json\/wp\/v2\/posts"}],"about":[{"href":"https:\/\/diariorepublica.com.ar\/web\/index.php\/wp-json\/wp\/v2\/types\/post"}],"author":[{"embeddable":true,"href":"https:\/\/diariorepublica.com.ar\/web\/index.php\/wp-json\/wp\/v2\/users\/1"}],"replies":[{"embeddable":true,"href":"https:\/\/diariorepublica.com.ar\/web\/index.php\/wp-json\/wp\/v2\/comments?post=29986"}],"version-history":[{"count":1,"href":"https:\/\/diariorepublica.com.ar\/web\/index.php\/wp-json\/wp\/v2\/posts\/29986\/revisions"}],"predecessor-version":[{"id":29988,"href":"https:\/\/diariorepublica.com.ar\/web\/index.php\/wp-json\/wp\/v2\/posts\/29986\/revisions\/29988"}],"wp:featuredmedia":[{"embeddable":true,"href":"https:\/\/diariorepublica.com.ar\/web\/index.php\/wp-json\/wp\/v2\/media\/29987"}],"wp:attachment":[{"href":"https:\/\/diariorepublica.com.ar\/web\/index.php\/wp-json\/wp\/v2\/media?parent=29986"}],"wp:term":[{"taxonomy":"category","embeddable":true,"href":"https:\/\/diariorepublica.com.ar\/web\/index.php\/wp-json\/wp\/v2\/categories?post=29986"},{"taxonomy":"post_tag","embeddable":true,"href":"https:\/\/diariorepublica.com.ar\/web\/index.php\/wp-json\/wp\/v2\/tags?post=29986"}],"curies":[{"name":"wp","href":"https:\/\/api.w.org\/{rel}","templated":true}]}}