{"id":29989,"date":"2026-03-14T11:27:00","date_gmt":"2026-03-14T14:27:00","guid":{"rendered":"https:\/\/diariorepublica.com.ar\/web\/?p=29989"},"modified":"2026-03-14T16:28:52","modified_gmt":"2026-03-14T19:28:52","slug":"inundaciones-en-tucuman-15-000-evacuados-y-el-drama-de-las-familias-que-intentan-volver-a-sus-casas","status":"publish","type":"post","link":"https:\/\/diariorepublica.com.ar\/web\/index.php\/nacionales\/2026\/03\/14\/inundaciones-en-tucuman-15-000-evacuados-y-el-drama-de-las-familias-que-intentan-volver-a-sus-casas\/","title":{"rendered":"Inundaciones en Tucum\u00e1n: 15.000 evacuados y el drama de las familias que intentan volver a sus casas"},"content":{"rendered":"<article id=\"article-post\" class=\"first\">\n<div class=\"cuerpo\" data-twitter-link=\"https:\/\/twitter.com\/intent\/tweet?url=https:\/\/www.diariopopular.com.ar\/c890614&amp;via=poopulardiario&amp;related=Popular&amp;text=\">\n<p data-start=\"177\" data-end=\"442\">Las graves inundaciones que afectan a la provincia de Tucum\u00e1n dejaron al menos\u00a0<strong data-start=\"256\" data-end=\"285\">15.000 personas evacuadas<\/strong>. La situaci\u00f3n m\u00e1s cr\u00edtica se vive en la localidad de La Madrid, donde alrededor de\u00a0<strong data-start=\"369\" data-end=\"418\">6.000 familias debieron abandonar sus hogares<\/strong>\u00a0por el avance del agua.<\/p>\n<\/div>\n<\/article>\n<article id=\"article-post\">\n<div class=\"cuerpo\" data-twitter-link=\"#TWEMBEDLINK#\">\n<p data-start=\"444\" data-end=\"643\">Ante la emergencia, muchos vecinos instalaron\u00a0<strong data-start=\"490\" data-end=\"539\">carpas a la vera de la Ruta Nacional 157<\/strong>\u00a0para resguardar las pocas pertenencias que lograron salvar mientras esperan poder regresar a sus casas.<\/p>\n<\/div>\n<\/article>\n<article id=\"article-post\">\n<div class=\"cuerpo\" data-twitter-link=\"#TWEMBEDLINK#\">\n<p data-start=\"645\" data-end=\"1081\">Tras varios d\u00edas de anegamiento, el nivel del agua comenz\u00f3 a descender lentamente. El drenaje fue posible luego de que se decidiera\u00a0<strong data-start=\"777\" data-end=\"807\">romper un tramo de la ruta<\/strong>\u00a0para permitir que el caudal se escurriera hacia otras zonas. Aun as\u00ed, el panorama dentro de la localidad sigue siendo complejo y para ingresar a los barrios m\u00e1s afectados los vecinos y equipos de asistencia deben trasladarse\u00a0<strong data-start=\"1028\" data-end=\"1044\">en tractores<\/strong>, ya que todav\u00eda hay calles inundadas.<\/p>\n<\/div>\n<\/article>\n<article id=\"article-post\">\n<div class=\"cuerpo\" data-twitter-link=\"#TWEMBEDLINK#\">\n<p data-start=\"1083\" data-end=\"1301\">Quienes lograron volver a sus viviendas se encontraron con\u00a0<strong data-start=\"1142\" data-end=\"1174\">escenas de destrucci\u00f3n total<\/strong>. \u201cEl agua lleg\u00f3 a subir entre\u00a0<strong data-start=\"1205\" data-end=\"1224\">1,70 y 2 metros<\/strong>\u201d, relat\u00f3 uno de los damnificados al regresar por primera vez a su domicilio.<\/p>\n<\/div>\n<\/article>\n<article id=\"article-post\">\n<div class=\"cuerpo\" data-twitter-link=\"#TWEMBEDLINK#\">\n<p data-start=\"1303\" data-end=\"1587\">En muchas casas se acumulan\u00a0<strong data-start=\"1331\" data-end=\"1374\">entre cinco y diez cent\u00edmetros de lodo espeso<\/strong>, mientras que las marcas en las paredes muestran hasta d\u00f3nde lleg\u00f3 el agua. \u201cAprovecho la oportunidad para pedir a la comunidad que nos venga a dar una mano con la limpieza\u201d, expres\u00f3 un vecino al solicitar ayuda.<\/p>\n<p data-start=\"1589\" data-end=\"1928\">Durante el temporal, algunos habitantes debieron\u00a0<strong data-start=\"1638\" data-end=\"1700\">autoevacuarse en localidades ubicadas a unos 40 kil\u00f3metros<\/strong>. El desastre tambi\u00e9n afect\u00f3 a los animales dom\u00e9sticos y de granja: muchas familias dejaron mascotas sobre los techos durante d\u00edas para salvarlas, mientras que otros productores perdieron animales de cr\u00eda por el avance del agua.<\/p>\n<p data-start=\"1930\" data-end=\"2323\">Con el retroceso de la inundaci\u00f3n, ahora crece la preocupaci\u00f3n por las\u00a0<strong data-start=\"2001\" data-end=\"2029\">consecuencias sanitarias<\/strong>. El agua estancada y el barro dentro de las viviendas aumentan el riesgo de infecciones y enfermedades. Adem\u00e1s, los vecinos alertaron por la presencia de animales que aparecieron con la crecida. \u201cSuben v\u00edboras, ara\u00f1as, sapos; todos los bichos\u201d, advirtieron mientras inspeccionaban sus hogares.<\/p>\n<\/div>\n<\/article>\n","protected":false},"excerpt":{"rendered":"<p>Las graves inundaciones que afectan a la provincia de Tucum\u00e1n dejaron al menos\u00a015.000 personas evacuadas. La situaci\u00f3n m\u00e1s cr\u00edtica se<\/p>\n","protected":false},"author":1,"featured_media":29990,"comment_status":"closed","ping_status":"closed","sticky":false,"template":"","format":"standard","meta":{"footnotes":"","jetpack_publicize_message":"","jetpack_publicize_feature_enabled":true,"jetpack_social_post_already_shared":true,"jetpack_social_options":{"image_generator_settings":{"template":"highway","enabled":false},"version":2}},"categories":[4],"tags":[],"class_list":["post-29989","post","type-post","status-publish","format-standard","has-post-thumbnail","hentry","category-nacionales"],"jetpack_publicize_connections":[],"_links":{"self":[{"href":"https:\/\/diariorepublica.com.ar\/web\/index.php\/wp-json\/wp\/v2\/posts\/29989"}],"collection":[{"href":"https:\/\/diariorepublica.com.ar\/web\/index.php\/wp-json\/wp\/v2\/posts"}],"about":[{"href":"https:\/\/diariorepublica.com.ar\/web\/index.php\/wp-json\/wp\/v2\/types\/post"}],"author":[{"embeddable":true,"href":"https:\/\/diariorepublica.com.ar\/web\/index.php\/wp-json\/wp\/v2\/users\/1"}],"replies":[{"embeddable":true,"href":"https:\/\/diariorepublica.com.ar\/web\/index.php\/wp-json\/wp\/v2\/comments?post=29989"}],"version-history":[{"count":1,"href":"https:\/\/diariorepublica.com.ar\/web\/index.php\/wp-json\/wp\/v2\/posts\/29989\/revisions"}],"predecessor-version":[{"id":29991,"href":"https:\/\/diariorepublica.com.ar\/web\/index.php\/wp-json\/wp\/v2\/posts\/29989\/revisions\/29991"}],"wp:featuredmedia":[{"embeddable":true,"href":"https:\/\/diariorepublica.com.ar\/web\/index.php\/wp-json\/wp\/v2\/media\/29990"}],"wp:attachment":[{"href":"https:\/\/diariorepublica.com.ar\/web\/index.php\/wp-json\/wp\/v2\/media?parent=29989"}],"wp:term":[{"taxonomy":"category","embeddable":true,"href":"https:\/\/diariorepublica.com.ar\/web\/index.php\/wp-json\/wp\/v2\/categories?post=29989"},{"taxonomy":"post_tag","embeddable":true,"href":"https:\/\/diariorepublica.com.ar\/web\/index.php\/wp-json\/wp\/v2\/tags?post=29989"}],"curies":[{"name":"wp","href":"https:\/\/api.w.org\/{rel}","templated":true}]}}