{"id":29992,"date":"2026-03-14T09:29:00","date_gmt":"2026-03-14T12:29:00","guid":{"rendered":"https:\/\/diariorepublica.com.ar\/web\/?p=29992"},"modified":"2026-03-14T16:30:27","modified_gmt":"2026-03-14T19:30:27","slug":"el-gesto-de-briatore-con-colapinto-tras-su-buena-clasificacion","status":"publish","type":"post","link":"https:\/\/diariorepublica.com.ar\/web\/index.php\/deportes\/2026\/03\/14\/el-gesto-de-briatore-con-colapinto-tras-su-buena-clasificacion\/","title":{"rendered":"El gesto de Briatore con Colapinto tras su buena clasificaci\u00f3n"},"content":{"rendered":"<p>Flavio Briatore recibi\u00f3 a Franco Colapinto en el box de Alpine con una muestra de<b>\u00a0conformismo y apoyo<\/b>, luego de la clasificaci\u00f3n del\u00a0Gran Premio de China de la F\u00f3rmula 1. El principal directivo de la escuder\u00eda aplaudi\u00f3, lo salud\u00f3\u00a0<b>tom\u00e1ndole la mano y luego le dio un abrazo<\/b>.<\/p>\n<p>El piloto argentino<a href=\"https:\/\/www.tycsports.com\/automovilismo\/f1-horario-y-donde-ver-en-vivo-la-clasificacion-del-gp-de-china-id717925.html\" target=\"_blank\" rel=\"noopener\">\u00a0tuvo un buen rendimiento, qued\u00f3 muy cerca de la Q3 y\u00a0<\/a><b>largar\u00e1 desde el 12\u00ba lugar<\/b>\u00a0en la carrera que comenzar\u00e1 este domingo a las 4 de la ma\u00f1ana (hora argentina). El primer corte lo pas\u00f3 en el 10\u00ba puesto (1m33s634) y qued\u00f3\u00a0<b>a cinco mil\u00e9simas\u00a0<\/b>de superar el segundo.<\/p>\n<p>\u00a0<\/p>\n<div class=\"embedContent\">\n<div class=\"twitter-tweet twitter-tweet-rendered\"><iframe id=\"twitter-widget-0\" class=\"\" title=\"X Post\" src=\"https:\/\/platform.twitter.com\/embed\/Tweet.html?dnt=false&amp;embedId=twitter-widget-0&amp;features=eyJ0ZndfdGltZWxpbmVfbGlzdCI6eyJidWNrZXQiOltdLCJ2ZXJzaW9uIjpudWxsfSwidGZ3X2ZvbGxvd2VyX2NvdW50X3N1bnNldCI6eyJidWNrZXQiOnRydWUsInZlcnNpb24iOm51bGx9LCJ0ZndfdHdlZXRfZWRpdF9iYWNrZW5kIjp7ImJ1Y2tldCI6Im9uIiwidmVyc2lvbiI6bnVsbH0sInRmd19yZWZzcmNfc2Vzc2lvbiI6eyJidWNrZXQiOiJvbiIsInZlcnNpb24iOm51bGx9LCJ0ZndfZm9zbnJfc29mdF9pbnRlcnZlbnRpb25zX2VuYWJsZWQiOnsiYnVja2V0Ijoib24iLCJ2ZXJzaW9uIjpudWxsfSwidGZ3X21peGVkX21lZGlhXzE1ODk3Ijp7ImJ1Y2tldCI6InRyZWF0bWVudCIsInZlcnNpb24iOm51bGx9LCJ0ZndfZXhwZXJpbWVudHNfY29va2llX2V4cGlyYXRpb24iOnsiYnVja2V0IjoxMjA5NjAwLCJ2ZXJzaW9uIjpudWxsfSwidGZ3X3Nob3dfYmlyZHdhdGNoX3Bpdm90c19lbmFibGVkIjp7ImJ1Y2tldCI6Im9uIiwidmVyc2lvbiI6bnVsbH0sInRmd19kdXBsaWNhdGVfc2NyaWJlc190b19zZXR0aW5ncyI6eyJidWNrZXQiOiJvbiIsInZlcnNpb24iOm51bGx9LCJ0ZndfdXNlX3Byb2ZpbGVfaW1hZ2Vfc2hhcGVfZW5hYmxlZCI6eyJidWNrZXQiOiJvbiIsInZlcnNpb24iOm51bGx9LCJ0ZndfdmlkZW9faGxzX2R5bmFtaWNfbWFuaWZlc3RzXzE1MDgyIjp7ImJ1Y2tldCI6InRydWVfYml0cmF0ZSIsInZlcnNpb24iOm51bGx9LCJ0ZndfbGVnYWN5X3RpbWVsaW5lX3N1bnNldCI6eyJidWNrZXQiOnRydWUsInZlcnNpb24iOm51bGx9LCJ0ZndfdHdlZXRfZWRpdF9mcm9udGVuZCI6eyJidWNrZXQiOiJvbiIsInZlcnNpb24iOm51bGx9fQ%3D%3D&amp;frame=false&amp;hideCard=false&amp;hideThread=false&amp;id=2032725843722576352&amp;lang=es&amp;origin=https%3A%2F%2Fwww.tycsports.com%2Fautomovilismo%2Ff1-colapinto-briatore-gran-premio-china-clasificacion-alpine-id718418.html&amp;sessionId=36e6dfebad5902f6dd96ed7e2e30aadd1aa6d43a&amp;theme=light&amp;widgetsVersion=2615f7e52b7e0%3A1702314776716&amp;width=550px\" frameborder=\"0\" scrolling=\"no\" allowfullscreen=\"allowfullscreen\" data-tweet-id=\"2032725843722576352\" data-mce-fragment=\"1\"><\/iframe><\/div>\n<\/div>\n<p>Los n\u00fameros marcan a las claras la mejora que logr\u00f3 Colapinto tras la 16\u00ba ubicaci\u00f3n desde la que parti\u00f3 en el sprint,\u00a0donde termin\u00f3 14\u00ba. Es por esto que Briatore\u00a0<b>lo felicit\u00f3 y trat\u00f3 de motivarlo\u00a0<\/b>de cara a lo que ser\u00e1 la segunda competencia de la temporada 2026 en la m\u00e1xima categor\u00eda del automovilismo.<br \/><br \/><\/p>\n<p>Entre los puntos para destacar del oriundo de Pilar aparece que\u00a0<b>finaliz\u00f3 el primer corte clasificatorio por delante de Pierre Gasly<\/b>\u00a0(a una d\u00e9cima y media), su compa\u00f1ero de equipo. En el segundo qued\u00f3 tres d\u00e9cimas por detr\u00e1s del franc\u00e9s y a nada de Isack Hadjar (Red Bull), el \u00faltimo en ingresar a la Q3.<br \/><br \/><\/p>\n<p>M\u00e1s all\u00e1 de valorar la mejora, Colapinto enfrent\u00f3 los micr\u00f3fonos con algo de resignaci\u00f3n por no poder obtener los resultados deseados.\u00a0<i>\u201c<b>Cuando te qued\u00e1s afuera por tan poco da mucha bronca<\/b>. Se fueron encontrando los problemas y hay m\u00e1s por venir\u201d<\/i>, declar\u00f3 luego de la clasificaci\u00f3n.<\/p>\n<p><iframe id=\"twitter-widget-1\" class=\"\" title=\"X Post\" src=\"https:\/\/platform.twitter.com\/embed\/Tweet.html?dnt=false&amp;embedId=twitter-widget-1&amp;features=eyJ0ZndfdGltZWxpbmVfbGlzdCI6eyJidWNrZXQiOltdLCJ2ZXJzaW9uIjpudWxsfSwidGZ3X2ZvbGxvd2VyX2NvdW50X3N1bnNldCI6eyJidWNrZXQiOnRydWUsInZlcnNpb24iOm51bGx9LCJ0ZndfdHdlZXRfZWRpdF9iYWNrZW5kIjp7ImJ1Y2tldCI6Im9uIiwidmVyc2lvbiI6bnVsbH0sInRmd19yZWZzcmNfc2Vzc2lvbiI6eyJidWNrZXQiOiJvbiIsInZlcnNpb24iOm51bGx9LCJ0ZndfZm9zbnJfc29mdF9pbnRlcnZlbnRpb25zX2VuYWJsZWQiOnsiYnVja2V0Ijoib24iLCJ2ZXJzaW9uIjpudWxsfSwidGZ3X21peGVkX21lZGlhXzE1ODk3Ijp7ImJ1Y2tldCI6InRyZWF0bWVudCIsInZlcnNpb24iOm51bGx9LCJ0ZndfZXhwZXJpbWVudHNfY29va2llX2V4cGlyYXRpb24iOnsiYnVja2V0IjoxMjA5NjAwLCJ2ZXJzaW9uIjpudWxsfSwidGZ3X3Nob3dfYmlyZHdhdGNoX3Bpdm90c19lbmFibGVkIjp7ImJ1Y2tldCI6Im9uIiwidmVyc2lvbiI6bnVsbH0sInRmd19kdXBsaWNhdGVfc2NyaWJlc190b19zZXR0aW5ncyI6eyJidWNrZXQiOiJvbiIsInZlcnNpb24iOm51bGx9LCJ0ZndfdXNlX3Byb2ZpbGVfaW1hZ2Vfc2hhcGVfZW5hYmxlZCI6eyJidWNrZXQiOiJvbiIsInZlcnNpb24iOm51bGx9LCJ0ZndfdmlkZW9faGxzX2R5bmFtaWNfbWFuaWZlc3RzXzE1MDgyIjp7ImJ1Y2tldCI6InRydWVfYml0cmF0ZSIsInZlcnNpb24iOm51bGx9LCJ0ZndfbGVnYWN5X3RpbWVsaW5lX3N1bnNldCI6eyJidWNrZXQiOnRydWUsInZlcnNpb24iOm51bGx9LCJ0ZndfdHdlZXRfZWRpdF9mcm9udGVuZCI6eyJidWNrZXQiOiJvbiIsInZlcnNpb24iOm51bGx9fQ%3D%3D&amp;frame=false&amp;hideCard=false&amp;hideThread=false&amp;id=2032796475231490269&amp;lang=es&amp;maxWidth=560px&amp;origin=https%3A%2F%2Fwww.tycsports.com%2Fautomovilismo%2Ff1-colapinto-briatore-gran-premio-china-clasificacion-alpine-id718418.html&amp;sessionId=36e6dfebad5902f6dd96ed7e2e30aadd1aa6d43a&amp;theme=light&amp;widgetsVersion=2615f7e52b7e0%3A1702314776716&amp;width=550px\" frameborder=\"0\" scrolling=\"no\" allowfullscreen=\"allowfullscreen\" data-tweet-id=\"2032796475231490269\"><\/iframe><\/p>\n\n\n<p>tycsports.com<\/p>\n","protected":false},"excerpt":{"rendered":"<p>Flavio Briatore recibi\u00f3 a Franco Colapinto en el box de Alpine con una muestra de\u00a0conformismo y apoyo, luego de la<\/p>\n","protected":false},"author":1,"featured_media":29993,"comment_status":"closed","ping_status":"closed","sticky":false,"template":"","format":"standard","meta":{"footnotes":"","jetpack_publicize_message":"","jetpack_publicize_feature_enabled":true,"jetpack_social_post_already_shared":true,"jetpack_social_options":{"image_generator_settings":{"template":"highway","enabled":false},"version":2}},"categories":[9],"tags":[],"class_list":["post-29992","post","type-post","status-publish","format-standard","has-post-thumbnail","hentry","category-deportes"],"jetpack_publicize_connections":[],"_links":{"self":[{"href":"https:\/\/diariorepublica.com.ar\/web\/index.php\/wp-json\/wp\/v2\/posts\/29992"}],"collection":[{"href":"https:\/\/diariorepublica.com.ar\/web\/index.php\/wp-json\/wp\/v2\/posts"}],"about":[{"href":"https:\/\/diariorepublica.com.ar\/web\/index.php\/wp-json\/wp\/v2\/types\/post"}],"author":[{"embeddable":true,"href":"https:\/\/diariorepublica.com.ar\/web\/index.php\/wp-json\/wp\/v2\/users\/1"}],"replies":[{"embeddable":true,"href":"https:\/\/diariorepublica.com.ar\/web\/index.php\/wp-json\/wp\/v2\/comments?post=29992"}],"version-history":[{"count":1,"href":"https:\/\/diariorepublica.com.ar\/web\/index.php\/wp-json\/wp\/v2\/posts\/29992\/revisions"}],"predecessor-version":[{"id":29994,"href":"https:\/\/diariorepublica.com.ar\/web\/index.php\/wp-json\/wp\/v2\/posts\/29992\/revisions\/29994"}],"wp:featuredmedia":[{"embeddable":true,"href":"https:\/\/diariorepublica.com.ar\/web\/index.php\/wp-json\/wp\/v2\/media\/29993"}],"wp:attachment":[{"href":"https:\/\/diariorepublica.com.ar\/web\/index.php\/wp-json\/wp\/v2\/media?parent=29992"}],"wp:term":[{"taxonomy":"category","embeddable":true,"href":"https:\/\/diariorepublica.com.ar\/web\/index.php\/wp-json\/wp\/v2\/categories?post=29992"},{"taxonomy":"post_tag","embeddable":true,"href":"https:\/\/diariorepublica.com.ar\/web\/index.php\/wp-json\/wp\/v2\/tags?post=29992"}],"curies":[{"name":"wp","href":"https:\/\/api.w.org\/{rel}","templated":true}]}}