{"id":29995,"date":"2026-03-14T00:30:00","date_gmt":"2026-03-14T03:30:00","guid":{"rendered":"https:\/\/diariorepublica.com.ar\/web\/?p=29995"},"modified":"2026-03-14T16:31:59","modified_gmt":"2026-03-14T19:31:59","slug":"la-capital-destruyo-60-canos-de-escape-antirreglamentarios","status":"publish","type":"post","link":"https:\/\/diariorepublica.com.ar\/web\/index.php\/locales\/2026\/03\/14\/la-capital-destruyo-60-canos-de-escape-antirreglamentarios\/","title":{"rendered":"La Capital destruy\u00f3 60 ca\u00f1os de escape antirreglamentarios"},"content":{"rendered":"<p dir=\"ltr\">En un firme avance contra la contaminaci\u00f3n sonora, la Municipalidad de la Capital procedi\u00f3 a la destrucci\u00f3n de\u00a060 ca\u00f1os de escape libres\u00a0secuestrados en distintos operativos de tr\u00e1nsito. La medida, ejecutada en el predio de Infraestructura Urbana, se ampara en la\u00a0Ordenanza N\u00b0 917\u00a0y cuenta con la directiva del Juzgado de Faltas Municipal.<\/p>\n<p dir=\"ltr\">Al respecto, la secretaria de Protecci\u00f3n Ciudadana,\u00a0Mariela Romero, explic\u00f3 que estos dispositivos fueron retirados de los motoveh\u00edculos por exceder los niveles de ruido permitidos para su cilindrada.\u00a0\u00abCada moto tiene un escape reglamentario; cuando este es modificado para generar ruidos excesivos, se procede al retiro y posterior decomiso\u00bb, se\u00f1al\u00f3 la funcionaria.<\/p>\n<p dir=\"ltr\">\u00bfC\u00f3mo funciona el procedimiento legal?<\/p>\n<p dir=\"ltr\">Secuestro:\u00a0El veh\u00edculo es remitido al corral\u00f3n por exceso de ruido.<\/p>\n<p dir=\"ltr\">Obligaci\u00f3n del infractor:\u00a0El propietario tiene la responsabilidad de cambiar el ca\u00f1o por uno reglamentario (con orden del Juzgado) antes de retirar la moto.<\/p>\n<p dir=\"ltr\">Decomiso:\u00a0El dispositivo modificado queda en custodia municipal hasta que se ordena su destrucci\u00f3n final.<\/p>\n<p dir=\"ltr\">Cabe destacar que, la destrucci\u00f3n se realiz\u00f3 mediante el uso de un rodillo compactador. Una vez inutilizados, los restos met\u00e1licos son enviados al programa\u00a0GIRO\u00a0para su tratamiento y reciclaje adecuado, cerrando un c\u00edrculo de gesti\u00f3n que cuida tanto el descanso de los vecinos como el medio ambiente.<\/p>\n<p dir=\"ltr\">En este sentido, la funcionaria mencion\u00f3:\u00a0\u00abBuscamos reducir el uso de dispositivos que generan molestias innecesarias en la v\u00eda p\u00fablica. Estas acciones son esenciales para mejorar la convivencia y la calidad de vida en nuestra ciudad\u00bb, concluy\u00f3 Romero.<\/p>\n","protected":false},"excerpt":{"rendered":"<p>En un firme avance contra la contaminaci\u00f3n sonora, la Municipalidad de la Capital procedi\u00f3 a la destrucci\u00f3n de\u00a060 ca\u00f1os de<\/p>\n","protected":false},"author":1,"featured_media":29996,"comment_status":"closed","ping_status":"closed","sticky":false,"template":"","format":"standard","meta":{"footnotes":"","jetpack_publicize_message":"","jetpack_publicize_feature_enabled":true,"jetpack_social_post_already_shared":true,"jetpack_social_options":{"image_generator_settings":{"template":"highway","enabled":false},"version":2}},"categories":[2],"tags":[],"class_list":["post-29995","post","type-post","status-publish","format-standard","has-post-thumbnail","hentry","category-locales"],"jetpack_publicize_connections":[],"_links":{"self":[{"href":"https:\/\/diariorepublica.com.ar\/web\/index.php\/wp-json\/wp\/v2\/posts\/29995"}],"collection":[{"href":"https:\/\/diariorepublica.com.ar\/web\/index.php\/wp-json\/wp\/v2\/posts"}],"about":[{"href":"https:\/\/diariorepublica.com.ar\/web\/index.php\/wp-json\/wp\/v2\/types\/post"}],"author":[{"embeddable":true,"href":"https:\/\/diariorepublica.com.ar\/web\/index.php\/wp-json\/wp\/v2\/users\/1"}],"replies":[{"embeddable":true,"href":"https:\/\/diariorepublica.com.ar\/web\/index.php\/wp-json\/wp\/v2\/comments?post=29995"}],"version-history":[{"count":1,"href":"https:\/\/diariorepublica.com.ar\/web\/index.php\/wp-json\/wp\/v2\/posts\/29995\/revisions"}],"predecessor-version":[{"id":29997,"href":"https:\/\/diariorepublica.com.ar\/web\/index.php\/wp-json\/wp\/v2\/posts\/29995\/revisions\/29997"}],"wp:featuredmedia":[{"embeddable":true,"href":"https:\/\/diariorepublica.com.ar\/web\/index.php\/wp-json\/wp\/v2\/media\/29996"}],"wp:attachment":[{"href":"https:\/\/diariorepublica.com.ar\/web\/index.php\/wp-json\/wp\/v2\/media?parent=29995"}],"wp:term":[{"taxonomy":"category","embeddable":true,"href":"https:\/\/diariorepublica.com.ar\/web\/index.php\/wp-json\/wp\/v2\/categories?post=29995"},{"taxonomy":"post_tag","embeddable":true,"href":"https:\/\/diariorepublica.com.ar\/web\/index.php\/wp-json\/wp\/v2\/tags?post=29995"}],"curies":[{"name":"wp","href":"https:\/\/api.w.org\/{rel}","templated":true}]}}