{"id":29998,"date":"2026-03-16T07:39:34","date_gmt":"2026-03-16T10:39:34","guid":{"rendered":"https:\/\/diariorepublica.com.ar\/web\/?p=29998"},"modified":"2026-03-16T07:39:36","modified_gmt":"2026-03-16T10:39:36","slug":"comienza-el-paro-nacional-universitario","status":"publish","type":"post","link":"https:\/\/diariorepublica.com.ar\/web\/index.php\/sociedad\/2026\/03\/16\/comienza-el-paro-nacional-universitario\/","title":{"rendered":"Comienza el paro nacional universitario"},"content":{"rendered":"<p>Este lunes comienza el\u00a0<strong>paro nacional universitario, impulsado<\/strong>\u00a0<strong>desde las dos federaciones nacionales mayoritarias (Conadu Hist\u00f3rica y Conadu),<\/strong>\u00a0quienes convocaron el\u00a0<strong>cese de tareas en dos tra mos<\/strong>: el primero\u00a0<strong>desde el 16 al 21 de marzo\u00a0<\/strong>y el segundo desde\u00a0<strong>el 23 al 30<\/strong>. Por su parte,\u00a0<strong>los docentes de la UBA votaron parar \u201cpor tiempo indeterminado\u201d\u00a0<\/strong>hasta que les paguen\u00a0<strong>\u201cel 55,4% de aumento salarial\u201d\u00a0<\/strong>dispuesto por la Ley de Financiamiento Universitario N.\u00ba 27.795.<\/p>\n<p>Esta medida tiene alcance nacional y<strong> afecta a la mayor\u00eda de las instituciones universitarias p\u00fablicas del pa\u00eds.<\/strong><\/p>\n<p>la\u00a0<strong>UTN\u00a0<\/strong>inform\u00f3 tambi\u00e9n que<strong>\u00a0no s\u00f3lo sus 30 facultades regionales se suman a la huelga, sino tambi\u00e9n que lo har\u00e1 el Instituto Nacional Superior del Profesorado T\u00e9cnico<\/strong>,<strong>\u00a0<\/strong>que pertenece a la universidad. En cuanto al\u00a0<strong>UNCAUS<\/strong>,\u00a0los docentes confirmaron que su suman al\u00a0<strong>paro nacional<\/strong>, pero\u00a0<strong>por 24 horas<\/strong>.<\/p>\n<p>El mayor motivo de esta medida es el\u00a0<strong>reclamo por la recomposici\u00f3n salarial<\/strong>,\u00a0debido a que todos los gremios denuncian<strong>\u00a0\u201cun atraso\u201d significativo frente a la inflaci\u00f3n<\/strong>, al mismo tiempo que\u00a0<strong>exigen la aplicaci\u00f3n de la\u00a0Ley de Financiamiento Universitario<\/strong>,\u00a0sancionados por el Congreso Nacional el a\u00f1o pasado, y que incluye un mayor presupuesto para el funcionamiento de todas las universidades.<\/p>\n<p title=\"__IP__\" data-ipspy=\"__IP__\">Asimismo,\u00a0<strong>los docentes de la UBA presentaron un informe de evoluci\u00f3n salarial<\/strong>\u00a0en el que destacan que el sueldo real \u201c<strong>se encuentra en su m\u00ednimo hist\u00f3rico<\/strong>\u201d: 35,6% por debajo de noviembre de 2023 e incluso 2,7%<strong>\u00a0<\/strong>\u00ab<strong>por debajo de los peores niveles alcanzados en 2004<\/strong>\u00ab.<span data-nosnippet=\"\">_<\/span><\/p>\n\n\n<p><\/p>\n","protected":false},"excerpt":{"rendered":"<p>Este lunes comienza el\u00a0paro nacional universitario, impulsado\u00a0desde las dos federaciones nacionales mayoritarias (Conadu Hist\u00f3rica y Conadu),\u00a0quienes convocaron el\u00a0cese de tareas<\/p>\n","protected":false},"author":1,"featured_media":29999,"comment_status":"closed","ping_status":"closed","sticky":false,"template":"","format":"standard","meta":{"footnotes":"","jetpack_publicize_message":"","jetpack_publicize_feature_enabled":true,"jetpack_social_post_already_shared":true,"jetpack_social_options":{"image_generator_settings":{"template":"highway","enabled":false},"version":2}},"categories":[3],"tags":[],"class_list":["post-29998","post","type-post","status-publish","format-standard","has-post-thumbnail","hentry","category-sociedad"],"jetpack_publicize_connections":[],"_links":{"self":[{"href":"https:\/\/diariorepublica.com.ar\/web\/index.php\/wp-json\/wp\/v2\/posts\/29998"}],"collection":[{"href":"https:\/\/diariorepublica.com.ar\/web\/index.php\/wp-json\/wp\/v2\/posts"}],"about":[{"href":"https:\/\/diariorepublica.com.ar\/web\/index.php\/wp-json\/wp\/v2\/types\/post"}],"author":[{"embeddable":true,"href":"https:\/\/diariorepublica.com.ar\/web\/index.php\/wp-json\/wp\/v2\/users\/1"}],"replies":[{"embeddable":true,"href":"https:\/\/diariorepublica.com.ar\/web\/index.php\/wp-json\/wp\/v2\/comments?post=29998"}],"version-history":[{"count":1,"href":"https:\/\/diariorepublica.com.ar\/web\/index.php\/wp-json\/wp\/v2\/posts\/29998\/revisions"}],"predecessor-version":[{"id":30000,"href":"https:\/\/diariorepublica.com.ar\/web\/index.php\/wp-json\/wp\/v2\/posts\/29998\/revisions\/30000"}],"wp:featuredmedia":[{"embeddable":true,"href":"https:\/\/diariorepublica.com.ar\/web\/index.php\/wp-json\/wp\/v2\/media\/29999"}],"wp:attachment":[{"href":"https:\/\/diariorepublica.com.ar\/web\/index.php\/wp-json\/wp\/v2\/media?parent=29998"}],"wp:term":[{"taxonomy":"category","embeddable":true,"href":"https:\/\/diariorepublica.com.ar\/web\/index.php\/wp-json\/wp\/v2\/categories?post=29998"},{"taxonomy":"post_tag","embeddable":true,"href":"https:\/\/diariorepublica.com.ar\/web\/index.php\/wp-json\/wp\/v2\/tags?post=29998"}],"curies":[{"name":"wp","href":"https:\/\/api.w.org\/{rel}","templated":true}]}}