{"id":300,"date":"2023-03-23T15:39:00","date_gmt":"2023-03-23T15:39:00","guid":{"rendered":"https:\/\/diariorepublica.com.ar\/web\/?p=300"},"modified":"2023-03-23T13:40:52","modified_gmt":"2023-03-23T13:40:52","slug":"mujeres-pasion-y-folklore-y-mora-godoy-en-el-cierre-del-mes-de-la-mujer","status":"publish","type":"post","link":"https:\/\/diariorepublica.com.ar\/web\/index.php\/sociedad\/2023\/03\/23\/mujeres-pasion-y-folklore-y-mora-godoy-en-el-cierre-del-mes-de-la-mujer\/","title":{"rendered":"\u00abMujeres, pasi\u00f3n y folklore\u00bb y Mora Godoy en el cierre del Mes de la Mujer"},"content":{"rendered":"<p>Para dar cierre al mes de la mujer, la Secretar\u00eda de Gesti\u00f3n Cultural del Ministerio de Cultura, Turismo y Deporte invita a disfrutar de un espect\u00e1culo de m\u00fasica y danza donde las protagonistas son las mujeres. Ser\u00e1 el viernes 31 de marzo a partir de las 21 horas en el Cine Teatro Catamarca y con entrada libre y gratuita.<\/p>\n<p>\u201cMujeres, pasi\u00f3n y folklore\u201d es el nombre del espect\u00e1culo de m\u00fasica popular argentina, con voces femeninas de la provincia de Catamarca que se pondr\u00e1 en escena en la primera parte de la velada, mientras que la segunda parte contar\u00e1 con la presentaci\u00f3n especial de la bailarina y core\u00f3grafa Mora Godoy, con el espect\u00e1culo \u201c20 a\u00f1os, grandes \u00e9xitos\u201d.<\/p>\n<p>En \u201cMujeres, pasi\u00f3n y folklore\u201d, la cantante Silvia Pacheco se une a las distintas generaciones de voces femeninas del folklore catamarque\u00f1o, para compartir escenario con Loy Carrizo de Saujil, Itat\u00ed de Andalgal\u00e1, Daniela Figueroa de Capital, Luz Segura de Valle Viejo y Fernanda Cruz de Pom\u00e1n. La propuesta promete ser un recorrido por nuestro pa\u00eds, a trav\u00e9s de las m\u00fasicas populares. Contar\u00e1 con una puesta en escena integral ideada y con direcci\u00f3n general de Silvia Pacheco, la direcci\u00f3n musical de Luis Baz\u00e1n y la expresi\u00f3n en la danza de la bailarina, Paula Novaro.<\/p>\n<p>En la segunda etapa del espect\u00e1culo, la bailarina y core\u00f3grafa Mora Godoy presentar\u00e1 su nuevo show \u201c20 a\u00f1os, grandes \u00e9xitos\u201d, que re\u00fane lo mejor del repertorio de la Compa\u00f1\u00eda de Tango Argentina de Mora Godoy.<\/p>\n<p>Due\u00f1a de un estilo \u00fanico, desde que egres\u00f3 como Bailarina Cl\u00e1sica del Instituto Superior de Arte del Teatro Col\u00f3n, Mora Godoy, recorri\u00f3 el mundo marcando en cada presentaci\u00f3n el estilo inigualable que la llev\u00f3 a ser conocida como la \u201cReina del tango\u201d.<\/p>\n<p>\u201cMora Godoy 20 a\u00f1os\u201d incluye los emblem\u00e1ticos cuadros de sus obras m\u00e1s reconocidas: \u201cTanguera\u201d (2002) primer musical con historia de tango que se estrena en Argentina, multipremiado, que triunfa en el mundo entero con 15 a\u00f1os en cartel;\u00a0 \u00abChantecler tango\u00bb (2012) el segundo musical con historia de tango que va del presente al pasado evocando a la \u00e9poca dorada del g\u00e9nero, a trav\u00e9s de una historia de amor, suspenso, traiciones, intrigas y pasi\u00f3n, estrenado en Argentina, Par\u00eds y Tokio. Habr\u00e1 tambi\u00e9n cuadros de los shows realizados<\/p>\n<p><strong>Entradas<\/strong><\/p>\n<p>Las entradas al espect\u00e1culo son gratuitas y numeradas. Se pueden reservar desde el lunes 27 de marzo y hasta agotar localidades en la p\u00e1gina web\u00a0<a href=\"http:\/\/norteticket.com\/\" target=\"_blank\" rel=\"noopener\" data-saferedirecturl=\"https:\/\/www.google.com\/url?q=http:\/\/norteticket.com&amp;source=gmail&amp;ust=1679660357931000&amp;usg=AOvVaw0BL9RshsVBoUKvj_wrzsd2\">norteticket.com<\/a>\u00a0y en las boleter\u00edas del Cine Teatro Catamarca.<\/p>\n","protected":false},"excerpt":{"rendered":"<p>Para dar cierre al mes de la mujer, la Secretar\u00eda de Gesti\u00f3n Cultural del Ministerio de Cultura, Turismo y Deporte<\/p>\n","protected":false},"author":1,"featured_media":301,"comment_status":"closed","ping_status":"closed","sticky":false,"template":"","format":"standard","meta":{"footnotes":"","jetpack_publicize_message":"","jetpack_publicize_feature_enabled":true,"jetpack_social_post_already_shared":false,"jetpack_social_options":{"image_generator_settings":{"template":"highway","enabled":false},"version":2}},"categories":[3],"tags":[],"class_list":["post-300","post","type-post","status-publish","format-standard","has-post-thumbnail","hentry","category-sociedad"],"jetpack_publicize_connections":[],"_links":{"self":[{"href":"https:\/\/diariorepublica.com.ar\/web\/index.php\/wp-json\/wp\/v2\/posts\/300"}],"collection":[{"href":"https:\/\/diariorepublica.com.ar\/web\/index.php\/wp-json\/wp\/v2\/posts"}],"about":[{"href":"https:\/\/diariorepublica.com.ar\/web\/index.php\/wp-json\/wp\/v2\/types\/post"}],"author":[{"embeddable":true,"href":"https:\/\/diariorepublica.com.ar\/web\/index.php\/wp-json\/wp\/v2\/users\/1"}],"replies":[{"embeddable":true,"href":"https:\/\/diariorepublica.com.ar\/web\/index.php\/wp-json\/wp\/v2\/comments?post=300"}],"version-history":[{"count":1,"href":"https:\/\/diariorepublica.com.ar\/web\/index.php\/wp-json\/wp\/v2\/posts\/300\/revisions"}],"predecessor-version":[{"id":302,"href":"https:\/\/diariorepublica.com.ar\/web\/index.php\/wp-json\/wp\/v2\/posts\/300\/revisions\/302"}],"wp:featuredmedia":[{"embeddable":true,"href":"https:\/\/diariorepublica.com.ar\/web\/index.php\/wp-json\/wp\/v2\/media\/301"}],"wp:attachment":[{"href":"https:\/\/diariorepublica.com.ar\/web\/index.php\/wp-json\/wp\/v2\/media?parent=300"}],"wp:term":[{"taxonomy":"category","embeddable":true,"href":"https:\/\/diariorepublica.com.ar\/web\/index.php\/wp-json\/wp\/v2\/categories?post=300"},{"taxonomy":"post_tag","embeddable":true,"href":"https:\/\/diariorepublica.com.ar\/web\/index.php\/wp-json\/wp\/v2\/tags?post=300"}],"curies":[{"name":"wp","href":"https:\/\/api.w.org\/{rel}","templated":true}]}}