{"id":30001,"date":"2026-03-16T07:41:27","date_gmt":"2026-03-16T10:41:27","guid":{"rendered":"https:\/\/diariorepublica.com.ar\/web\/?p=30001"},"modified":"2026-03-16T07:41:29","modified_gmt":"2026-03-16T10:41:29","slug":"milei-visita-cordoba-y-respalda-a-manuel-adorni","status":"publish","type":"post","link":"https:\/\/diariorepublica.com.ar\/web\/index.php\/politica\/2026\/03\/16\/milei-visita-cordoba-y-respalda-a-manuel-adorni\/","title":{"rendered":"Milei visita C\u00f3rdoba y respalda a Manuel Adorni"},"content":{"rendered":"<p>El presidente Javier Milei\u00a0retomar\u00e1 su agenda en el pa\u00eds este lunes tras regresar de Espa\u00f1a y\u00a0<strong>se trasladar\u00e1 a C\u00f3rdoba para participar en un evento en la Bolsa de Comercio<\/strong>\u00a0provincial, junto al jefe de Gabinete,\u00a0Manuel Adorni, mientras sigue la pol\u00e9mica por el viaje a Nueva York con su esposa en la comitiva oficial.<\/p>\n<p>El mandatario regres\u00f3 al pa\u00eds este domingo por la ma\u00f1ana luego de su visita a la capital espa\u00f1ola para participar del Madrid Economic Forum 2026 y mantener reuniones con dirigentes pol\u00edticos y referentes de la derecha internacional.<\/p>\n<p>Milei tiene programado comenzar la semana asistiendo a la Bolsa de Comercio de C\u00f3rdoba para exponer en una actividad que contar\u00e1 tambi\u00e9n con la palabra de Manuel Tagle, presidente de la instituci\u00f3n, y del economista\u00a0<strong>Guido Sandleris<\/strong>, titular de la Fundaci\u00f3n Ecosur y expresidente del Banco Central.<\/p>\n<p>El jefe de Estado estar\u00e1 acompa\u00f1ado por Adorni, en lo que ser\u00e1 su\u00a0<strong>reaparici\u00f3n p\u00fablica local<\/strong> tras la pol\u00e9mica por la inclusi\u00f3n de su esposa en el viaje oficial a Estados Unidos y el vuelo a Punta del Este, que lo puso en el foco de las cr\u00edticas en las \u00faltimas horas.<\/p>\n<p>La \u00faltima visita del presidente a la provincia mediterr\u00e1nea fue en el marco del denominado \u201cTour de la Gratitud\u201d, cunado junto a Karina Milei, encabezaron la recorrida con la que La Libertad Avanza busca\u00a0<strong>agradecer el apoyo electoral recibido en las elecciones legislativas del 2025 y consolidar la estructura pol\u00edtica en el interior del pa\u00eds.<\/strong><\/p>\n","protected":false},"excerpt":{"rendered":"<p>El presidente Javier Milei\u00a0retomar\u00e1 su agenda en el pa\u00eds este lunes tras regresar de Espa\u00f1a y\u00a0se trasladar\u00e1 a C\u00f3rdoba para<\/p>\n","protected":false},"author":1,"featured_media":30002,"comment_status":"closed","ping_status":"closed","sticky":false,"template":"","format":"standard","meta":{"footnotes":"","jetpack_publicize_message":"","jetpack_publicize_feature_enabled":true,"jetpack_social_post_already_shared":true,"jetpack_social_options":{"image_generator_settings":{"template":"highway","enabled":false},"version":2}},"categories":[12],"tags":[],"class_list":["post-30001","post","type-post","status-publish","format-standard","has-post-thumbnail","hentry","category-politica"],"jetpack_publicize_connections":[],"_links":{"self":[{"href":"https:\/\/diariorepublica.com.ar\/web\/index.php\/wp-json\/wp\/v2\/posts\/30001"}],"collection":[{"href":"https:\/\/diariorepublica.com.ar\/web\/index.php\/wp-json\/wp\/v2\/posts"}],"about":[{"href":"https:\/\/diariorepublica.com.ar\/web\/index.php\/wp-json\/wp\/v2\/types\/post"}],"author":[{"embeddable":true,"href":"https:\/\/diariorepublica.com.ar\/web\/index.php\/wp-json\/wp\/v2\/users\/1"}],"replies":[{"embeddable":true,"href":"https:\/\/diariorepublica.com.ar\/web\/index.php\/wp-json\/wp\/v2\/comments?post=30001"}],"version-history":[{"count":1,"href":"https:\/\/diariorepublica.com.ar\/web\/index.php\/wp-json\/wp\/v2\/posts\/30001\/revisions"}],"predecessor-version":[{"id":30003,"href":"https:\/\/diariorepublica.com.ar\/web\/index.php\/wp-json\/wp\/v2\/posts\/30001\/revisions\/30003"}],"wp:featuredmedia":[{"embeddable":true,"href":"https:\/\/diariorepublica.com.ar\/web\/index.php\/wp-json\/wp\/v2\/media\/30002"}],"wp:attachment":[{"href":"https:\/\/diariorepublica.com.ar\/web\/index.php\/wp-json\/wp\/v2\/media?parent=30001"}],"wp:term":[{"taxonomy":"category","embeddable":true,"href":"https:\/\/diariorepublica.com.ar\/web\/index.php\/wp-json\/wp\/v2\/categories?post=30001"},{"taxonomy":"post_tag","embeddable":true,"href":"https:\/\/diariorepublica.com.ar\/web\/index.php\/wp-json\/wp\/v2\/tags?post=30001"}],"curies":[{"name":"wp","href":"https:\/\/api.w.org\/{rel}","templated":true}]}}