{"id":30004,"date":"2026-03-16T00:41:00","date_gmt":"2026-03-16T03:41:00","guid":{"rendered":"https:\/\/diariorepublica.com.ar\/web\/?p=30004"},"modified":"2026-03-16T07:43:12","modified_gmt":"2026-03-16T10:43:12","slug":"se-cancelo-la-finalissima-entre-argentina-y-espana","status":"publish","type":"post","link":"https:\/\/diariorepublica.com.ar\/web\/index.php\/deportes\/2026\/03\/16\/se-cancelo-la-finalissima-entre-argentina-y-espana\/","title":{"rendered":"Se cancel\u00f3 la Finalissima entre Argentina y Espa\u00f1a"},"content":{"rendered":"<p>Luego de varios idas y vueltas entre la postura de la\u00a0<strong>AFA y la de la UEFA<\/strong>, la confederaci\u00f3n europea anunci\u00f3\u00a0<strong data-start=\"234\" data-end=\"326\">la suspensi\u00f3n del encuentro por no haber llegado a un acuerdo con la entidad que conduce<\/strong>\u00a0Claudio Tapia.<\/p>\n<article class=\"article-body\">\n<div class=\"article-content\">\n<div class=\"news-body-paragraph\" data-twitter-link=\"\">\n<p data-start=\"721\" data-end=\"1003\" data-is-last-node=\"\" data-is-only-node=\"\">Tras varias semanas de\u00a0<strong data-start=\"744\" data-end=\"804\">negociaciones y posturas cruzadas entre las federaciones<\/strong>, finalmente la\u00a0<strong data-start=\"820\" data-end=\"909\">UEFA confirm\u00f3 este domingo mediante un comunicado oficial que el partido no se jugar\u00e1<\/strong>, debido a que\u00a0<strong data-start=\"924\" data-end=\"1000\">no se logr\u00f3 alcanzar un acuerdo con la AFA para reprogramar el encuentro<\/strong>.<\/p>\n<\/div>\n<\/div>\n<\/article>\n<article class=\"article-body par-3\">\n<div class=\"article-content\">\n<div class=\"news-body-paragraph\" data-twitter-link=\"\">\n<p data-start=\"721\" data-end=\"1003\" data-is-last-node=\"\" data-is-only-node=\"\">\u00ab<strong>Es una gran decepci\u00f3n para la UEFA y los organizadores que las circunstancias y el momento hayan privado a los equipos de la oportunidad de competir por este prestigioso trofeo en Catar,<\/strong>\u00a0un pa\u00eds que ha demostrado una y otra vez su capacidad para organizar eventos internacionales de primer nivel en instalaciones de vanguardia\u00bb, reza parte del texto que difundi\u00f3 la UEFA para explicar la cancelaci\u00f3n del duelo entre la campeona de Europa y la de Am\u00e9rica.<\/p>\n<\/div>\n<\/div>\n<\/article>\n<article class=\"article-body par-4\">\n<div class=\"article-content\">\n<div class=\"news-body-paragraph\" data-twitter-link=\"\">\n<h2 class=\"\">El comunicado completo de la UEFA:<\/h2>\n<p class=\"\" data-mrf-recirculation=\"Links inline\"><em>Tras largas conversaciones entre la UEFA y las autoridades organizadoras en Qatar, hoy se anuncia que, debido a la actual situaci\u00f3n pol\u00edtica en la regi\u00f3n, la final\u00edsima entre Espa\u00f1a, campeona de la UEFA EURO 2024, y Argentina, campeona de la CONMEBOL Copa Am\u00e9rica 2024, no podr\u00e1 disputarse como estaba previsto en Qatar el 27 de marzo.<\/em><\/p>\n<\/div>\n<\/div>\n<\/article>\n<article class=\"article-body par-5\">\n<div class=\"article-content\">\n<div class=\"news-body-paragraph\" data-twitter-link=\"\">\n<p class=\"\" data-mrf-recirculation=\"Links inline\"><em>Para la UEFA y los organizadores supone una gran decepci\u00f3n que las circunstancias y el momento elegido hayan impedido a los equipos competir por este prestigioso premio en Qatar, un pa\u00eds que ha demostrado una y otra vez su capacidad para organizar eventos internacionales de primer nivel en instalaciones de vanguardia.<\/em><\/p>\n<p class=\"\" data-mrf-recirculation=\"Links inline\"><em>La UEFA desea expresar su profundo agradecimiento al comit\u00e9 organizador y a las autoridades pertinentes de Qatar por el trabajo realizado para intentar acoger el partido y su certeza de que la paz volver\u00e1 pronto a la regi\u00f3n.<\/em><\/p>\n<p class=\"\" data-mrf-recirculation=\"Links inline\"><em>La Final\u00edsima se cre\u00f3 como parte de la estrecha colaboraci\u00f3n entre la UEFA y la CONMEBOL y re\u00fane a los campeones de Europa y Sudam\u00e9rica en una celebraci\u00f3n del m\u00e1s alto nivel del f\u00fatbol internacional. Argentina, la vigente campeona del mundo, gan\u00f3 la edici\u00f3n inaugural en 2022 con una victoria por 3-0 sobre Italia en el estadio de Wembley en Londres.<\/em><\/p>\n<figure id=\"1796636-Libre Sin Limite-1082206993_wrap\" class=\"embed_cont type_imagen\" contenteditable=\"false\">\n<div id=\"1796636-Libre Sin Limite-1082206993_content\" class=\"embed_content\"><img loading=\"lazy\" decoding=\"async\" id=\"1796636-Libre Sin Limite-1082206993_embed\" title=\"\" src=\"https:\/\/media.a24.com\/p\/b4dee7c17753a96d340eb90bce1933fd\/adjuntos\/296\/imagenes\/009\/718\/0009718244\/1200x0\/smart\/uefa.jpg\" alt=\"\" width=\"1200\" height=\"1140\" data-td-src-property=\"https:\/\/media.a24.com\/p\/b4dee7c17753a96d340eb90bce1933fd\/adjuntos\/296\/imagenes\/009\/718\/0009718244\/1200x0\/smart\/uefa.jpg\" \/><\/p>\n<div class=\"zoomBTN-wrapper\">\n<div id=\"zoomBtn-1796636-Libre Sin Limite-1082206993_embed\" class=\"zoomBTN icon-fullscreen\"><\/div>\n<\/div>\n<\/div><figcaption class=\"embed_wrapper-cont\">\n<div id=\"1796636-Libre Sin Limite-1082206993_epigrafe\" class=\"embed_epigrafe\"><\/div>\n<div id=\"1796636-Libre Sin Limite-1082206993_copyright\" class=\"embed_copyright\"><\/div>\n<\/figcaption><\/figure>\n<p class=\"\" data-mrf-recirculation=\"Links inline\"><em>Con la firme determinaci\u00f3n de salvar el importante partido, y a pesar de las comprensibles dificultades de reubicar un encuentro de tal importancia con tan poca antelaci\u00f3n, la UEFA explor\u00f3 otras alternativas viables, pero todas resultaron inaceptables para la Asociaci\u00f3n del F\u00fatbol Argentino.<\/em><\/p>\n<p class=\"\" data-mrf-recirculation=\"Links inline\"><em>La primera opci\u00f3n era disputar el partido en el estadio Santiago Bernab\u00e9u de Madrid en la fecha original, con una distribuci\u00f3n equitativa de aficionados en las gradas. Esto habr\u00eda proporcionado un escenario de primer nivel, digno de un evento tan prestigioso, pero Argentina se neg\u00f3.<\/em><\/p>\n<p class=\"\" data-mrf-recirculation=\"Links inline\"><em>La segunda opci\u00f3n consist\u00eda en disputar la Final\u00edsima a doble partido: uno en el Santiago Bernab\u00e9u el 27 de marzo y el otro en Buenos Aires durante una ventana internacional previa a la UEFA EURO y la Copa Am\u00e9rica 2028, ofreciendo nuevamente una divisi\u00f3n equitativa de las ventas de entradas para el partido en Madrid (50:50). Esta opci\u00f3n tambi\u00e9n fue rechazada.<\/em><\/p>\n<p class=\"\" data-mrf-recirculation=\"Links inline\"><em>En \u00faltima instancia, la UEFA solicit\u00f3 a Argentina el compromiso de que, si se encontraba una sede neutral en Europa, el partido podr\u00eda disputarse el 27 de marzo, tal como estaba previsto y anunciado el 18 de diciembre de 2025, o en la fecha alternativa del 30 de marzo. Esta propuesta tambi\u00e9n fue rechazada.<\/em><\/p>\n<p class=\"\" data-mrf-recirculation=\"Links inline\"><em>Argentina propuso jugar el partido despu\u00e9s del Mundial, pero, dado que Espa\u00f1a no ten\u00eda fechas disponibles, esa opci\u00f3n tuvo que descartarse. Finalmente, y en contra del plan original acordado de que el partido se disputara el 27 de marzo, Argentina manifest\u00f3 su disponibilidad para jugar exclusivamente el 31 de marzo, fecha que result\u00f3 inviable.<\/em><\/p>\n<p class=\"\" data-mrf-recirculation=\"Links inline\"><em>En consecuencia, y para pesar de la UEFA, esta edici\u00f3n de la Final\u00edsima ha sido cancelada.<\/em><\/p>\n<p class=\"\" data-mrf-recirculation=\"Links inline\"><em>La UEFA desea expresar su sincero agradecimiento al Real Madrid CF, al comit\u00e9 organizador y a las autoridades de Qatar por su apoyo y cooperaci\u00f3n en la organizaci\u00f3n de este partido. En el caso del Real Madrid, sus esfuerzos se realizaron con muy poca antelaci\u00f3n. Asimismo, agradece a la Real Federaci\u00f3n Espa\u00f1ola de F\u00fatbol su flexibilidad para adaptarse a todas las opciones propuestas durante el proceso.<\/em><\/p>\n<p data-mrf-recirculation=\"Links inline\">a24.com<\/p>\n<\/div>\n<\/div>\n<\/article>\n","protected":false},"excerpt":{"rendered":"<p>Luego de varios idas y vueltas entre la postura de la\u00a0AFA y la de la UEFA, la confederaci\u00f3n europea anunci\u00f3\u00a0la<\/p>\n","protected":false},"author":1,"featured_media":30005,"comment_status":"closed","ping_status":"closed","sticky":false,"template":"","format":"standard","meta":{"footnotes":"","jetpack_publicize_message":"","jetpack_publicize_feature_enabled":true,"jetpack_social_post_already_shared":true,"jetpack_social_options":{"image_generator_settings":{"template":"highway","enabled":false},"version":2}},"categories":[9],"tags":[],"class_list":["post-30004","post","type-post","status-publish","format-standard","has-post-thumbnail","hentry","category-deportes"],"jetpack_publicize_connections":[],"_links":{"self":[{"href":"https:\/\/diariorepublica.com.ar\/web\/index.php\/wp-json\/wp\/v2\/posts\/30004"}],"collection":[{"href":"https:\/\/diariorepublica.com.ar\/web\/index.php\/wp-json\/wp\/v2\/posts"}],"about":[{"href":"https:\/\/diariorepublica.com.ar\/web\/index.php\/wp-json\/wp\/v2\/types\/post"}],"author":[{"embeddable":true,"href":"https:\/\/diariorepublica.com.ar\/web\/index.php\/wp-json\/wp\/v2\/users\/1"}],"replies":[{"embeddable":true,"href":"https:\/\/diariorepublica.com.ar\/web\/index.php\/wp-json\/wp\/v2\/comments?post=30004"}],"version-history":[{"count":1,"href":"https:\/\/diariorepublica.com.ar\/web\/index.php\/wp-json\/wp\/v2\/posts\/30004\/revisions"}],"predecessor-version":[{"id":30006,"href":"https:\/\/diariorepublica.com.ar\/web\/index.php\/wp-json\/wp\/v2\/posts\/30004\/revisions\/30006"}],"wp:featuredmedia":[{"embeddable":true,"href":"https:\/\/diariorepublica.com.ar\/web\/index.php\/wp-json\/wp\/v2\/media\/30005"}],"wp:attachment":[{"href":"https:\/\/diariorepublica.com.ar\/web\/index.php\/wp-json\/wp\/v2\/media?parent=30004"}],"wp:term":[{"taxonomy":"category","embeddable":true,"href":"https:\/\/diariorepublica.com.ar\/web\/index.php\/wp-json\/wp\/v2\/categories?post=30004"},{"taxonomy":"post_tag","embeddable":true,"href":"https:\/\/diariorepublica.com.ar\/web\/index.php\/wp-json\/wp\/v2\/tags?post=30004"}],"curies":[{"name":"wp","href":"https:\/\/api.w.org\/{rel}","templated":true}]}}