{"id":30016,"date":"2026-03-16T08:29:05","date_gmt":"2026-03-16T11:29:05","guid":{"rendered":"https:\/\/diariorepublica.com.ar\/web\/?p=30016"},"modified":"2026-03-16T08:29:08","modified_gmt":"2026-03-16T11:29:08","slug":"primer-podio-para-catamarca-en-el-argentino-de-ruta","status":"publish","type":"post","link":"https:\/\/diariorepublica.com.ar\/web\/index.php\/deportes\/2026\/03\/16\/primer-podio-para-catamarca-en-el-argentino-de-ruta\/","title":{"rendered":"Primer podio para Catamarca en el Argentino de Ruta"},"content":{"rendered":"<p>La velocidad del Campeonato Argentino de Ciclismo de Ruta, para Menores y Juveniles, inici\u00f3 este viernes por la ma\u00f1ana con la prueba Contrarreloj disputada sobre la Ruta Provincial N\u00b0 1 en Fray Mamerto Esqui\u00fa. En la categor\u00eda Damas Junior (2008 &#8211; 2009), Maite Ovejero logr\u00f3 la tercera posici\u00f3n obteniendo la medalla de bronce y se meti\u00f3 entre las tres mejores del pa\u00eds, haciendo su primera incursi\u00f3n en este tipo de competencia, ya que su especialidad es el Mountain Bike.<\/p>\n<p>En esa categor\u00eda, se consagr\u00f3 Campeona Argentina Yasmin Almada (Corrientes). En Varones Junior (2008 &#8211; 2009), participaron los catamarque\u00f1os Thomas Breppe y Francisco Luna, llegando en las posiciones 21\u00b0 y 41\u00b0, respectivamente. \u00a0All\u00ed, se consagr\u00f3 Mart\u00edn Delt\u00edn (Santa Fe).<\/p>\n<p>Por el lado de las Clase 2010, en Damas estuvo presente la catamarque\u00f1a Sof\u00eda Chayle, logrando un sexto puesto. Zaira Rojas (Buenos Aires) conquist\u00f3 la medalla de oro. Mientras que en los Varones, no hubo catamarque\u00f1os y el ganador fue Benjam\u00edn Turdo (Santa Fe).<\/p>\n<p>La actividad continuar\u00e1 ma\u00f1ana s\u00e1bado, con base en el Estado Provincial Bicentenario. En este caso, las pruebas ser\u00e1n en pelot\u00f3n. A las 8:30 hs inicia la acci\u00f3n con Damas de las clases 2012, 2013 y 2014. A las 9:30 hs ser\u00e1 el turno de Varones 2013 &#8211; 2014; mientras que a las 10:30 hs lo har\u00e1n Varones 2012. Posteriormente, desde las 13:30 hs estar\u00e1n en carrera Varones 2011, y cerrar\u00e1 a las 15 hs Damas 2010-2011.<\/p>\n<p>Esta competencia se puede llevar adelante en nuestra provincia por el apoyo del Gobierno Provincial, y cuenta con la organizaci\u00f3n de la Secretar\u00eda de Deportes y Recreaci\u00f3n del Ministerio de Cultura, Turismo y Deporte, la Uni\u00f3n Ciclista de la Rep\u00fablica Argentina (UCRA), la Federaci\u00f3n Argentina de Ciclismo de Pista y Ruta (FACPyR) y la Asociaci\u00f3n Catamarque\u00f1a de Ciclismo (ACC).<\/p>\n","protected":false},"excerpt":{"rendered":"<p>La velocidad del Campeonato Argentino de Ciclismo de Ruta, para Menores y Juveniles, inici\u00f3 este viernes por la ma\u00f1ana con<\/p>\n","protected":false},"author":1,"featured_media":30017,"comment_status":"closed","ping_status":"closed","sticky":false,"template":"","format":"standard","meta":{"footnotes":"","jetpack_publicize_message":"","jetpack_publicize_feature_enabled":true,"jetpack_social_post_already_shared":true,"jetpack_social_options":{"image_generator_settings":{"template":"highway","enabled":false},"version":2}},"categories":[9],"tags":[],"class_list":["post-30016","post","type-post","status-publish","format-standard","has-post-thumbnail","hentry","category-deportes"],"jetpack_publicize_connections":[],"_links":{"self":[{"href":"https:\/\/diariorepublica.com.ar\/web\/index.php\/wp-json\/wp\/v2\/posts\/30016"}],"collection":[{"href":"https:\/\/diariorepublica.com.ar\/web\/index.php\/wp-json\/wp\/v2\/posts"}],"about":[{"href":"https:\/\/diariorepublica.com.ar\/web\/index.php\/wp-json\/wp\/v2\/types\/post"}],"author":[{"embeddable":true,"href":"https:\/\/diariorepublica.com.ar\/web\/index.php\/wp-json\/wp\/v2\/users\/1"}],"replies":[{"embeddable":true,"href":"https:\/\/diariorepublica.com.ar\/web\/index.php\/wp-json\/wp\/v2\/comments?post=30016"}],"version-history":[{"count":1,"href":"https:\/\/diariorepublica.com.ar\/web\/index.php\/wp-json\/wp\/v2\/posts\/30016\/revisions"}],"predecessor-version":[{"id":30018,"href":"https:\/\/diariorepublica.com.ar\/web\/index.php\/wp-json\/wp\/v2\/posts\/30016\/revisions\/30018"}],"wp:featuredmedia":[{"embeddable":true,"href":"https:\/\/diariorepublica.com.ar\/web\/index.php\/wp-json\/wp\/v2\/media\/30017"}],"wp:attachment":[{"href":"https:\/\/diariorepublica.com.ar\/web\/index.php\/wp-json\/wp\/v2\/media?parent=30016"}],"wp:term":[{"taxonomy":"category","embeddable":true,"href":"https:\/\/diariorepublica.com.ar\/web\/index.php\/wp-json\/wp\/v2\/categories?post=30016"},{"taxonomy":"post_tag","embeddable":true,"href":"https:\/\/diariorepublica.com.ar\/web\/index.php\/wp-json\/wp\/v2\/tags?post=30016"}],"curies":[{"name":"wp","href":"https:\/\/api.w.org\/{rel}","templated":true}]}}