{"id":30019,"date":"2026-03-16T08:31:11","date_gmt":"2026-03-16T11:31:11","guid":{"rendered":"https:\/\/diariorepublica.com.ar\/web\/?p=30019"},"modified":"2026-03-16T08:31:12","modified_gmt":"2026-03-16T11:31:12","slug":"el-gobierno-lanzo-un-nuevo-plan-de-retiro-voluntario-destinado-a-los-empleados-de-anses","status":"publish","type":"post","link":"https:\/\/diariorepublica.com.ar\/web\/index.php\/nacionales\/2026\/03\/16\/el-gobierno-lanzo-un-nuevo-plan-de-retiro-voluntario-destinado-a-los-empleados-de-anses\/","title":{"rendered":"El Gobierno lanz\u00f3 un nuevo plan de retiro voluntario destinado a los empleados de ANSES"},"content":{"rendered":"<p>El Gobierno aprob\u00f3 un nuevo plan de retiro voluntario destinado al personal de la Administraci\u00f3n Nacional de la Seguridad Social (ANSES), bajo un esquema de acuerdo mutuo.<\/p>\n<p>La medida fue formalizada mediante la Resoluci\u00f3n 68\/2026, publicada este lunes en el Bolet\u00edn Oficial, con el fin de continuar reduciendo la planta estatal, en el marco en las pol\u00edticas de modernizaci\u00f3n y eficiencia del gasto p\u00fablico que viene implementando la administraci\u00f3n de Javier Milei.<\/p>\n<p>La iniciativa se denomina Plan de Retiros de Voluntad Rec\u00edproca (RVR), y se sustenta en el Art\u00edculo 241 de la Ley de Contrato de Trabajo (N\u00b0 20.744), lo que significa que la desvinculaci\u00f3n se produce por \u00abvoluntad concurrente\u00bb de ambas partes.<\/p>\n<p>El retiro deber\u00e1 formalizarse mediante escritura p\u00fablica o ante la autoridad judicial o administrativa del trabajo, y posteriormente tendr\u00e1 que presentarse ante el Servicio de Conciliaci\u00f3n Laboral Obligatoria (SECLO) para su ratificaci\u00f3n y homologaci\u00f3n.<\/p>\n<p>En la normativa se estipul\u00f3 que el r\u00e9gimen de retiro aplicar\u00e1 para el personal del organismo previsional que tenga al menos dos a\u00f1os de antig\u00fcedad y qued\u00f3 establecido que la adhesi\u00f3n \u201cconstituye un acto estrictamente voluntario del agente, y su otorgamiento se encuentra sujeto a la exclusiva evaluaci\u00f3n y aprobaci\u00f3n de la ANSES, sin generar derecho subjetivo alguno a su concesi\u00f3n\u201d.<\/p>\n<p>NA<\/p>\n","protected":false},"excerpt":{"rendered":"<p>El Gobierno aprob\u00f3 un nuevo plan de retiro voluntario destinado al personal de la Administraci\u00f3n Nacional de la Seguridad Social<\/p>\n","protected":false},"author":1,"featured_media":30020,"comment_status":"closed","ping_status":"closed","sticky":false,"template":"","format":"standard","meta":{"footnotes":"","jetpack_publicize_message":"","jetpack_publicize_feature_enabled":true,"jetpack_social_post_already_shared":true,"jetpack_social_options":{"image_generator_settings":{"template":"highway","enabled":false},"version":2}},"categories":[4],"tags":[],"class_list":["post-30019","post","type-post","status-publish","format-standard","has-post-thumbnail","hentry","category-nacionales"],"jetpack_publicize_connections":[],"_links":{"self":[{"href":"https:\/\/diariorepublica.com.ar\/web\/index.php\/wp-json\/wp\/v2\/posts\/30019"}],"collection":[{"href":"https:\/\/diariorepublica.com.ar\/web\/index.php\/wp-json\/wp\/v2\/posts"}],"about":[{"href":"https:\/\/diariorepublica.com.ar\/web\/index.php\/wp-json\/wp\/v2\/types\/post"}],"author":[{"embeddable":true,"href":"https:\/\/diariorepublica.com.ar\/web\/index.php\/wp-json\/wp\/v2\/users\/1"}],"replies":[{"embeddable":true,"href":"https:\/\/diariorepublica.com.ar\/web\/index.php\/wp-json\/wp\/v2\/comments?post=30019"}],"version-history":[{"count":1,"href":"https:\/\/diariorepublica.com.ar\/web\/index.php\/wp-json\/wp\/v2\/posts\/30019\/revisions"}],"predecessor-version":[{"id":30021,"href":"https:\/\/diariorepublica.com.ar\/web\/index.php\/wp-json\/wp\/v2\/posts\/30019\/revisions\/30021"}],"wp:featuredmedia":[{"embeddable":true,"href":"https:\/\/diariorepublica.com.ar\/web\/index.php\/wp-json\/wp\/v2\/media\/30020"}],"wp:attachment":[{"href":"https:\/\/diariorepublica.com.ar\/web\/index.php\/wp-json\/wp\/v2\/media?parent=30019"}],"wp:term":[{"taxonomy":"category","embeddable":true,"href":"https:\/\/diariorepublica.com.ar\/web\/index.php\/wp-json\/wp\/v2\/categories?post=30019"},{"taxonomy":"post_tag","embeddable":true,"href":"https:\/\/diariorepublica.com.ar\/web\/index.php\/wp-json\/wp\/v2\/tags?post=30019"}],"curies":[{"name":"wp","href":"https:\/\/api.w.org\/{rel}","templated":true}]}}