{"id":30022,"date":"2026-03-16T11:10:24","date_gmt":"2026-03-16T14:10:24","guid":{"rendered":"https:\/\/diariorepublica.com.ar\/web\/?p=30022"},"modified":"2026-03-16T11:10:26","modified_gmt":"2026-03-16T14:10:26","slug":"murio-marcelo-araujo-historico-relator-del-futbol-argentino","status":"publish","type":"post","link":"https:\/\/diariorepublica.com.ar\/web\/index.php\/nacionales\/2026\/03\/16\/murio-marcelo-araujo-historico-relator-del-futbol-argentino\/","title":{"rendered":"Muri\u00f3 Marcelo Araujo, hist\u00f3rico relator del f\u00fatbol argentino"},"content":{"rendered":"<p>El ex relator de f\u00fatbol\u00a0<strong>Marcelo Araujo muri\u00f3 este lunes a los 78 a\u00f1os luego de estar internado en el \u00faltimo tiempo en Vicente L\u00f3pez.<\/strong><\/p>\n<p>Araujo tuvo una extensa trayectoria como periodista deportivo y se gan\u00f3 el respeto y cari\u00f1o de los fan\u00e1ticos del f\u00fatbol por sus inolvidables relatos y su programa \u00abF\u00fatbol de Primera\u00bb.<\/p>\n<p>Durante m\u00e1s de una d\u00e9cada fue el principal relator en los campeonatos de Primera Divisi\u00f3n del f\u00fatbol argentino, conformando una inigualable dupla con otra leyenda del periodismo deportivo, como Enrique Macaya M\u00e1rquez.<\/p>\n<p title=\"__IP__\" data-ipspy=\"__IP__\">Adem\u00e1s, relat\u00f3 a la Selecci\u00f3n argentina durante diversos Mundiales y Copas Am\u00e9rica.<\/p>\n<p>Luego de unos a\u00f1os inactivo, volvi\u00f3 al relato entre 2009 y 2014 con F\u00fatbol Para Todos, para luego retirarse de manera definitiva.<\/p>\n<p>Seg\u00fan supo la Agencia Noticias Argentinas, Araujo muri\u00f3 a las 2 de la madrugada, no habr\u00e1 velorio y ser\u00e1 cremado este martes en Chacarita a las 11 de la ma\u00f1ana.<\/p>\n<p>NA<\/p>\n","protected":false},"excerpt":{"rendered":"<p>El ex relator de f\u00fatbol\u00a0Marcelo Araujo muri\u00f3 este lunes a los 78 a\u00f1os luego de estar internado en el \u00faltimo<\/p>\n","protected":false},"author":1,"featured_media":30023,"comment_status":"closed","ping_status":"closed","sticky":false,"template":"","format":"standard","meta":{"footnotes":"","jetpack_publicize_message":"","jetpack_publicize_feature_enabled":true,"jetpack_social_post_already_shared":true,"jetpack_social_options":{"image_generator_settings":{"template":"highway","enabled":false},"version":2}},"categories":[4],"tags":[],"class_list":["post-30022","post","type-post","status-publish","format-standard","has-post-thumbnail","hentry","category-nacionales"],"jetpack_publicize_connections":[],"_links":{"self":[{"href":"https:\/\/diariorepublica.com.ar\/web\/index.php\/wp-json\/wp\/v2\/posts\/30022"}],"collection":[{"href":"https:\/\/diariorepublica.com.ar\/web\/index.php\/wp-json\/wp\/v2\/posts"}],"about":[{"href":"https:\/\/diariorepublica.com.ar\/web\/index.php\/wp-json\/wp\/v2\/types\/post"}],"author":[{"embeddable":true,"href":"https:\/\/diariorepublica.com.ar\/web\/index.php\/wp-json\/wp\/v2\/users\/1"}],"replies":[{"embeddable":true,"href":"https:\/\/diariorepublica.com.ar\/web\/index.php\/wp-json\/wp\/v2\/comments?post=30022"}],"version-history":[{"count":1,"href":"https:\/\/diariorepublica.com.ar\/web\/index.php\/wp-json\/wp\/v2\/posts\/30022\/revisions"}],"predecessor-version":[{"id":30024,"href":"https:\/\/diariorepublica.com.ar\/web\/index.php\/wp-json\/wp\/v2\/posts\/30022\/revisions\/30024"}],"wp:featuredmedia":[{"embeddable":true,"href":"https:\/\/diariorepublica.com.ar\/web\/index.php\/wp-json\/wp\/v2\/media\/30023"}],"wp:attachment":[{"href":"https:\/\/diariorepublica.com.ar\/web\/index.php\/wp-json\/wp\/v2\/media?parent=30022"}],"wp:term":[{"taxonomy":"category","embeddable":true,"href":"https:\/\/diariorepublica.com.ar\/web\/index.php\/wp-json\/wp\/v2\/categories?post=30022"},{"taxonomy":"post_tag","embeddable":true,"href":"https:\/\/diariorepublica.com.ar\/web\/index.php\/wp-json\/wp\/v2\/tags?post=30022"}],"curies":[{"name":"wp","href":"https:\/\/api.w.org\/{rel}","templated":true}]}}