{"id":30028,"date":"2026-03-16T11:51:21","date_gmt":"2026-03-16T14:51:21","guid":{"rendered":"https:\/\/diariorepublica.com.ar\/web\/?p=30028"},"modified":"2026-03-16T11:51:23","modified_gmt":"2026-03-16T14:51:23","slug":"bancarios-acuerdan-aumento-del-29-y-el-sueldo-basico-supera-los-2-180-000","status":"publish","type":"post","link":"https:\/\/diariorepublica.com.ar\/web\/index.php\/economia\/2026\/03\/16\/bancarios-acuerdan-aumento-del-29-y-el-sueldo-basico-supera-los-2-180-000\/","title":{"rendered":"Bancarios acuerdan aumento del 2,9% y el sueldo b\u00e1sico supera los $2.180.000"},"content":{"rendered":"<p>Los bancarios anunciaron que acordaron un nuevo aumento salarial con las c\u00e1maras empresariales del sector, en base a la inflaci\u00f3n y acumulan una suba del 5,9% en lo que va del 2026 sobre los salarios de diciembre.<\/p>\n<p>La actualizaci\u00f3n paritaria establece un alza del 2,9% sobre los sueldos de febrero, en l\u00ednea con la inflaci\u00f3n. El ajuste se aplicar\u00e1 sobre todas las remuneraciones mensuales brutas, normales, habituales y totales, remunerativas y no remunerativas, incluyendo los adicionales convencionales y no convencionales.<\/p>\n<p>Con el nuevo aumento, el sueldo b\u00e1sico del sector queda en $2.187.023,79. El acuerdo del gremio con Abapra, Adeba, ABA y el Banco Central establece que el retroactivo deber\u00e1 ser abonado con los salarios de marzo.<\/p>\n<p>La suba tambi\u00e9n impacta en el bono por el D\u00eda del Bancario, un beneficio adicional que los empleados del sector reciben todos los a\u00f1os en noviembre. Con el ajuste, el monto llega a $1.949.656,06 en su categor\u00eda inicial, sujeto a futuros incrementos salariales.<\/p>\n<p>Desde la Asociaci\u00f3n Bancaria remarcaron en un comunicado que \u201cde esta manera, una vez m\u00e1s, garantizamos que los trabajadores bancarios contin\u00faen salvaguardando el poder adquisitivo de los salarios\u201d.<\/p>\n","protected":false},"excerpt":{"rendered":"<p>Los bancarios anunciaron que acordaron un nuevo aumento salarial con las c\u00e1maras empresariales del sector, en base a la inflaci\u00f3n<\/p>\n","protected":false},"author":1,"featured_media":30029,"comment_status":"closed","ping_status":"closed","sticky":false,"template":"","format":"standard","meta":{"footnotes":"","jetpack_publicize_message":"","jetpack_publicize_feature_enabled":true,"jetpack_social_post_already_shared":true,"jetpack_social_options":{"image_generator_settings":{"template":"highway","enabled":false},"version":2}},"categories":[5],"tags":[],"class_list":["post-30028","post","type-post","status-publish","format-standard","has-post-thumbnail","hentry","category-economia"],"jetpack_publicize_connections":[],"_links":{"self":[{"href":"https:\/\/diariorepublica.com.ar\/web\/index.php\/wp-json\/wp\/v2\/posts\/30028"}],"collection":[{"href":"https:\/\/diariorepublica.com.ar\/web\/index.php\/wp-json\/wp\/v2\/posts"}],"about":[{"href":"https:\/\/diariorepublica.com.ar\/web\/index.php\/wp-json\/wp\/v2\/types\/post"}],"author":[{"embeddable":true,"href":"https:\/\/diariorepublica.com.ar\/web\/index.php\/wp-json\/wp\/v2\/users\/1"}],"replies":[{"embeddable":true,"href":"https:\/\/diariorepublica.com.ar\/web\/index.php\/wp-json\/wp\/v2\/comments?post=30028"}],"version-history":[{"count":1,"href":"https:\/\/diariorepublica.com.ar\/web\/index.php\/wp-json\/wp\/v2\/posts\/30028\/revisions"}],"predecessor-version":[{"id":30030,"href":"https:\/\/diariorepublica.com.ar\/web\/index.php\/wp-json\/wp\/v2\/posts\/30028\/revisions\/30030"}],"wp:featuredmedia":[{"embeddable":true,"href":"https:\/\/diariorepublica.com.ar\/web\/index.php\/wp-json\/wp\/v2\/media\/30029"}],"wp:attachment":[{"href":"https:\/\/diariorepublica.com.ar\/web\/index.php\/wp-json\/wp\/v2\/media?parent=30028"}],"wp:term":[{"taxonomy":"category","embeddable":true,"href":"https:\/\/diariorepublica.com.ar\/web\/index.php\/wp-json\/wp\/v2\/categories?post=30028"},{"taxonomy":"post_tag","embeddable":true,"href":"https:\/\/diariorepublica.com.ar\/web\/index.php\/wp-json\/wp\/v2\/tags?post=30028"}],"curies":[{"name":"wp","href":"https:\/\/api.w.org\/{rel}","templated":true}]}}