{"id":30037,"date":"2026-03-17T12:53:16","date_gmt":"2026-03-17T15:53:16","guid":{"rendered":"https:\/\/diariorepublica.com.ar\/web\/?p=30037"},"modified":"2026-03-17T12:53:18","modified_gmt":"2026-03-17T15:53:18","slug":"capital-y-el-soem-firmaron-el-acuerdo-salarial","status":"publish","type":"post","link":"https:\/\/diariorepublica.com.ar\/web\/index.php\/locales\/2026\/03\/17\/capital-y-el-soem-firmaron-el-acuerdo-salarial\/","title":{"rendered":"Capital y el SOEM firmaron el acuerdo salarial"},"content":{"rendered":"<p>La Municipalidad de la Capital y el Sindicato de Obreros y Empleados Municipales (SOEM), firmaron hoy un nuevo acuerdo salarial, documento rubricado por el secretario de Gobierno, Germ\u00e1n Kranevitter y la secretaria de Hacienda, Giselle Monjes por parte de la comuna, y Luis \u00c1lamo y Mar\u00eda Eugenia Varela por parte del gremio.<br \/>\nEn virtud del acuerdo, la comuna capitalina otorgar\u00e1 un incremento salarial del 15 por ciento, que se aplicar\u00e1 en forma acumulativa sobre todos los conceptos salariales vigentes y se har\u00e1 efectivo en tres cuotas: la primera del 5 por ciento sobre los haberes del mes de marzo a pagarse en abril, la segunda cuota del 5 por ciento sobre los haberes del mes de mayo a pagarse en junio y la tercera cuota del 5 por ciento sobre los haberes de julio a pagarse en el mes de agosto.<br \/>\nA su vez, el municipio se comprometi\u00f3 a abonar una suma fija a partir del pago de los haberes correspondientes al mes de marzo, de car\u00e1cter no remunerativo, para todos los trabajadores que se rigen por la Ordenanza Municipal N\u00b01368\/86 E.O.E.M. y sus modificatorias, seg\u00fan el siguiente detalle: 50.000 pesos con el pago de los haberes correspondientes a marzo, a la cual se le adicionaran 40.0000 pesos totalizando la suma 90.000 pesos a abonar con el pago de los haberes correspondientes al mes de abril.<br \/>\nLuego se le adicionaran 10.000 pesos totalizando la suma de 100.000 pesos a abonar a partir del pago de los haberes de mayo.<br \/>\nAcordaron tambi\u00e9n fijar a partir del 1\u00b0 de marzo en la suma de 10.000 pesos la Asignaci\u00f3n Familiar por Hijo y en la suma de 20.000 pesos la Asignaci\u00f3n Familiar por Hijo con Discapacidad. cualquiera sea su edad.<br \/>\nFinalmente se estableci\u00f3 que en el pr\u00f3ximo mes de agosto volver\u00e1n a reunirse para reabrir la discusi\u00f3n salarial.<\/p>\n","protected":false},"excerpt":{"rendered":"<p>La Municipalidad de la Capital y el Sindicato de Obreros y Empleados Municipales (SOEM), firmaron hoy un nuevo acuerdo salarial,<\/p>\n","protected":false},"author":1,"featured_media":30038,"comment_status":"closed","ping_status":"closed","sticky":false,"template":"","format":"standard","meta":{"footnotes":"","jetpack_publicize_message":"","jetpack_publicize_feature_enabled":true,"jetpack_social_post_already_shared":true,"jetpack_social_options":{"image_generator_settings":{"template":"highway","enabled":false},"version":2}},"categories":[2],"tags":[],"class_list":["post-30037","post","type-post","status-publish","format-standard","has-post-thumbnail","hentry","category-locales"],"jetpack_publicize_connections":[],"_links":{"self":[{"href":"https:\/\/diariorepublica.com.ar\/web\/index.php\/wp-json\/wp\/v2\/posts\/30037"}],"collection":[{"href":"https:\/\/diariorepublica.com.ar\/web\/index.php\/wp-json\/wp\/v2\/posts"}],"about":[{"href":"https:\/\/diariorepublica.com.ar\/web\/index.php\/wp-json\/wp\/v2\/types\/post"}],"author":[{"embeddable":true,"href":"https:\/\/diariorepublica.com.ar\/web\/index.php\/wp-json\/wp\/v2\/users\/1"}],"replies":[{"embeddable":true,"href":"https:\/\/diariorepublica.com.ar\/web\/index.php\/wp-json\/wp\/v2\/comments?post=30037"}],"version-history":[{"count":1,"href":"https:\/\/diariorepublica.com.ar\/web\/index.php\/wp-json\/wp\/v2\/posts\/30037\/revisions"}],"predecessor-version":[{"id":30039,"href":"https:\/\/diariorepublica.com.ar\/web\/index.php\/wp-json\/wp\/v2\/posts\/30037\/revisions\/30039"}],"wp:featuredmedia":[{"embeddable":true,"href":"https:\/\/diariorepublica.com.ar\/web\/index.php\/wp-json\/wp\/v2\/media\/30038"}],"wp:attachment":[{"href":"https:\/\/diariorepublica.com.ar\/web\/index.php\/wp-json\/wp\/v2\/media?parent=30037"}],"wp:term":[{"taxonomy":"category","embeddable":true,"href":"https:\/\/diariorepublica.com.ar\/web\/index.php\/wp-json\/wp\/v2\/categories?post=30037"},{"taxonomy":"post_tag","embeddable":true,"href":"https:\/\/diariorepublica.com.ar\/web\/index.php\/wp-json\/wp\/v2\/tags?post=30037"}],"curies":[{"name":"wp","href":"https:\/\/api.w.org\/{rel}","templated":true}]}}