{"id":30043,"date":"2026-03-17T08:57:00","date_gmt":"2026-03-17T11:57:00","guid":{"rendered":"https:\/\/diariorepublica.com.ar\/web\/?p=30043"},"modified":"2026-03-17T12:58:28","modified_gmt":"2026-03-17T15:58:28","slug":"347-vecinos-recibieron-controles-gratuitos-en-el-nodo-tecnologico","status":"publish","type":"post","link":"https:\/\/diariorepublica.com.ar\/web\/index.php\/sociedad\/2026\/03\/17\/347-vecinos-recibieron-controles-gratuitos-en-el-nodo-tecnologico\/","title":{"rendered":"347 vecinos recibieron controles gratuitos en el Nodo Tecnol\u00f3gico"},"content":{"rendered":"<p dir=\"ltr\">La Municipalidad de la Capital, a trav\u00e9s de la Secretar\u00eda de Salud, concluy\u00f3 con \u00e9xito la primera campa\u00f1a anual de detecci\u00f3n de\u00a0Glaucoma y Retinopat\u00eda Diab\u00e9tica. La jornada, realizada en el Nodo Tecnol\u00f3gico, alcanz\u00f3 una masiva concurrencia, reafirmando la importancia de la prevenci\u00f3n en enfermedades oculares silenciosas.<\/p>\n<h3 dir=\"ltr\">Las cifras de la jornada<\/h3>\n<p dir=\"ltr\">Asistencia total:\u00a0347 personas controladas.<\/p>\n<ul>\n<li dir=\"ltr\">\n<p dir=\"ltr\" role=\"presentation\">Turno ma\u00f1ana: 207 pacientes.<\/p>\n<\/li>\n<li dir=\"ltr\">\n<p dir=\"ltr\" role=\"presentation\">Turno tarde: 140 pacientes.<\/p>\n<\/li>\n<\/ul>\n<p dir=\"ltr\">Detecci\u00f3n temprana:\u00a0Se identificaron aproximadamente\u00a030 casos sospechosos, quienes ya fueron derivados para iniciar su tratamiento.<\/p>\n<p dir=\"ltr\">Al respecto, la secretaria de Salud,\u00a0Ana Lagoria, destac\u00f3 que este programa es un emblema de la gesti\u00f3n municipal:\u00a0\u00abCumplimos 25 a\u00f1os de trayectoria con esta iniciativa. Es una campa\u00f1a nacional de la que nos sentimos privilegiados de participar, priorizando a los mayores de 40 a\u00f1os, quienes tienen mayor tendencia a desarrollar estas patolog\u00edas\u00bb.<\/p>\n<p dir=\"ltr\">Uno de los pilares del programa es la\u00a0cobertura total\u00a0para quienes no cuentan con obra social. Estos pacientes son incorporados autom\u00e1ticamente al sistema municipal para recibir, de forma\u00a0totalmente gratuita, las gotas oftalmol\u00f3gicas necesarias para su tratamiento cr\u00f3nico.<\/p>\n<p dir=\"ltr\">Adem\u00e1s, la jornada ofreci\u00f3 una atenci\u00f3n de salud 360\u00b0 donde se aplicaron dosis de la vacuna antigripal y se completaron esquemas del calendario nacional.<\/p>\n<p dir=\"ltr\">\u00abAprovechamos la alta concurrencia para que cada paciente que ingresa reciba una atenci\u00f3n de salud completa\u00bb, concluy\u00f3 Lagoria.<\/p>\n<p dir=\"ltr\">Esta campa\u00f1a marca una gesti\u00f3n firme de la Municipalidad de la Capital con la salud p\u00fablica, entendiendo que la detecci\u00f3n precoz es la herramienta m\u00e1s eficaz para proteger la calidad de vida de los vecinos.<\/p>\n","protected":false},"excerpt":{"rendered":"<p>La Municipalidad de la Capital, a trav\u00e9s de la Secretar\u00eda de Salud, concluy\u00f3 con \u00e9xito la primera campa\u00f1a anual de<\/p>\n","protected":false},"author":1,"featured_media":30044,"comment_status":"closed","ping_status":"closed","sticky":false,"template":"","format":"standard","meta":{"footnotes":"","jetpack_publicize_message":"","jetpack_publicize_feature_enabled":true,"jetpack_social_post_already_shared":true,"jetpack_social_options":{"image_generator_settings":{"template":"highway","enabled":false},"version":2}},"categories":[3],"tags":[],"class_list":["post-30043","post","type-post","status-publish","format-standard","has-post-thumbnail","hentry","category-sociedad"],"jetpack_publicize_connections":[],"_links":{"self":[{"href":"https:\/\/diariorepublica.com.ar\/web\/index.php\/wp-json\/wp\/v2\/posts\/30043"}],"collection":[{"href":"https:\/\/diariorepublica.com.ar\/web\/index.php\/wp-json\/wp\/v2\/posts"}],"about":[{"href":"https:\/\/diariorepublica.com.ar\/web\/index.php\/wp-json\/wp\/v2\/types\/post"}],"author":[{"embeddable":true,"href":"https:\/\/diariorepublica.com.ar\/web\/index.php\/wp-json\/wp\/v2\/users\/1"}],"replies":[{"embeddable":true,"href":"https:\/\/diariorepublica.com.ar\/web\/index.php\/wp-json\/wp\/v2\/comments?post=30043"}],"version-history":[{"count":1,"href":"https:\/\/diariorepublica.com.ar\/web\/index.php\/wp-json\/wp\/v2\/posts\/30043\/revisions"}],"predecessor-version":[{"id":30045,"href":"https:\/\/diariorepublica.com.ar\/web\/index.php\/wp-json\/wp\/v2\/posts\/30043\/revisions\/30045"}],"wp:featuredmedia":[{"embeddable":true,"href":"https:\/\/diariorepublica.com.ar\/web\/index.php\/wp-json\/wp\/v2\/media\/30044"}],"wp:attachment":[{"href":"https:\/\/diariorepublica.com.ar\/web\/index.php\/wp-json\/wp\/v2\/media?parent=30043"}],"wp:term":[{"taxonomy":"category","embeddable":true,"href":"https:\/\/diariorepublica.com.ar\/web\/index.php\/wp-json\/wp\/v2\/categories?post=30043"},{"taxonomy":"post_tag","embeddable":true,"href":"https:\/\/diariorepublica.com.ar\/web\/index.php\/wp-json\/wp\/v2\/tags?post=30043"}],"curies":[{"name":"wp","href":"https:\/\/api.w.org\/{rel}","templated":true}]}}