{"id":30046,"date":"2026-03-17T13:01:58","date_gmt":"2026-03-17T16:01:58","guid":{"rendered":"https:\/\/diariorepublica.com.ar\/web\/?p=30046"},"modified":"2026-03-17T13:02:00","modified_gmt":"2026-03-17T16:02:00","slug":"causa-cuadernos-cristina-kirchner-denuncio-practicas-mafiosas-de-claudio-bonadio-y-carlos-stornelli","status":"publish","type":"post","link":"https:\/\/diariorepublica.com.ar\/web\/index.php\/nacionales\/2026\/03\/17\/causa-cuadernos-cristina-kirchner-denuncio-practicas-mafiosas-de-claudio-bonadio-y-carlos-stornelli\/","title":{"rendered":"Causa Cuadernos: Cristina Kirchner denunci\u00f3 \u00abpr\u00e1cticas mafiosas\u00bb de Claudio Bonadio y Carlos Stornelli"},"content":{"rendered":"<article id=\"article-post\" class=\"first\">\n<div class=\"cuerpo\" data-twitter-link=\"https:\/\/twitter.com\/intent\/tweet?url=https:\/\/www.diariopopular.com.ar\/c891046&amp;via=poopulardiario&amp;related=Popular&amp;text=\">\n<p data-start=\"0\" data-end=\"312\">La expresidenta\u00a0<strong data-start=\"16\" data-end=\"50\">Cristina Fern\u00e1ndez de Kirchner<\/strong>\u00a0volvi\u00f3 a cuestionar con dureza la investigaci\u00f3n en la\u00a0<strong data-start=\"105\" data-end=\"124\">Causa Cuadernos<\/strong>\u00a0al declarar ante el\u00a0<strong data-start=\"145\" data-end=\"154\">TOF 7<\/strong>\u00a0en los tribunales de\u00a0<strong data-start=\"176\" data-end=\"191\">Comodoro Py<\/strong>. All\u00ed calific\u00f3 el proceso como \u201cmafioso\u201d y apunt\u00f3 contra el exjuez\u00a0<strong data-start=\"259\" data-end=\"278\">Claudio Bonadio<\/strong>\u00a0y el fiscal\u00a0<strong data-start=\"291\" data-end=\"311\">Carlos Stornelli<\/strong>.<\/p>\n<\/div>\n<\/article>\n<article id=\"article-post\">\n<div class=\"cuerpo\" data-twitter-link=\"#TWEMBEDLINK#\">\n<div id=\"embed77_wrap\" class=\"embed_cont type_freetext\" contenteditable=\"false\">\n<div id=\"embed77_content\" class=\"embed_content\">\n<div id=\"embed77_embed\">\n<div class=\"video_container\"><iframe loading=\"lazy\" class=\"video_iframe\" src=\"https:\/\/www.youtube.com\/embed\/KJFQ7T6xpE0\" width=\"100%\" height=\"360\" frameborder=\"0\" scrolling=\"no\" data-gtm-yt-inspected-14=\"true\" data-mce-fragment=\"1\"><\/iframe><\/div>\n<\/div>\n<\/div>\n<div class=\"embed_wrapper-cont\">\n<div id=\"embed77_epigrafe\" class=\"embed_epigrafe\"><\/div>\n<div id=\"embed77_copyright\" class=\"embed_copyright\"><\/div>\n<\/div>\n<\/div>\n<p data-start=\"407\" data-end=\"729\">Durante su exposici\u00f3n, la exmandataria sostuvo que ambos funcionarios \u201ctuvieron un\u00a0<strong data-start=\"490\" data-end=\"538\">manejo criminal de la figura del arrepentido<\/strong>\u201d y denunci\u00f3 que en la causa \u201c<strong data-start=\"568\" data-end=\"590\">se fraguan pruebas<\/strong>\u201d con fines pol\u00edticos y econ\u00f3micos. En esa l\u00ednea, tambi\u00e9n afirm\u00f3 que existen jueces que responden a intereses ajenos al\u00a0<strong data-start=\"710\" data-end=\"728\">Poder Judicial<\/strong>.<\/p>\n<\/div>\n<\/article>\n<article id=\"article-post\">\n<div class=\"cuerpo\" data-twitter-link=\"#TWEMBEDLINK#\">\n<p data-start=\"731\" data-end=\"1075\">La citaci\u00f3n se produjo luego de que el tribunal rechazara los\u00a0<strong data-start=\"793\" data-end=\"815\">pedidos de nulidad<\/strong>\u00a0presentados por su defensa y la de otros imputados, entre ellos el exministro\u00a0<strong data-start=\"894\" data-end=\"911\">Julio De Vido<\/strong>. Los planteos cuestionaban la\u00a0<strong data-start=\"942\" data-end=\"982\">validez de los cuadernos como prueba<\/strong>\u00a0y denunciaban presuntas irregularidades en las declaraciones de los imputados colaboradores.<\/p>\n<\/div>\n<\/article>\n<article id=\"article-post\">\n<div class=\"cuerpo\" data-twitter-link=\"#TWEMBEDLINK#\">\n<p data-start=\"1077\" data-end=\"1348\">El\u00a0<strong data-start=\"1080\" data-end=\"1089\">TOF 7<\/strong>, integrado por los jueces\u00a0<strong data-start=\"1116\" data-end=\"1135\">Fernando Canero<\/strong>,\u00a0<strong data-start=\"1137\" data-end=\"1163\">Enrique M\u00e9ndez Signori<\/strong>\u00a0y\u00a0<strong data-start=\"1166\" data-end=\"1185\">Germ\u00e1n Castelli<\/strong>, deber\u00e1 resolver los\u00a0<strong data-start=\"1207\" data-end=\"1232\">planteos preliminares<\/strong>\u00a0antes de avanzar en el juicio, que investiga una supuesta\u00a0<strong data-start=\"1291\" data-end=\"1329\">red de sobornos en la obra p\u00fablica<\/strong>\u00a0entre 2003 y 2015.<\/p>\n<\/div>\n<\/article>\n<article id=\"article-post\">\n<div class=\"cuerpo\" data-twitter-link=\"#TWEMBEDLINK#\">\n<p data-start=\"1560\" data-end=\"1604\">Indagatoria en vivo y definiciones clave<\/p>\n<p data-start=\"1606\" data-end=\"1915\">La audiencia de este martes forma parte del inicio de la etapa de indagatorias, con\u00a0<strong data-start=\"1690\" data-end=\"1711\">Cristina Kirchner<\/strong>\u00a0como primera en declarar. Tambi\u00e9n est\u00e1n citados\u00a0<strong data-start=\"1760\" data-end=\"1777\">Julio De Vido<\/strong>,\u00a0<strong data-start=\"1779\" data-end=\"1798\">Roberto Baratta<\/strong>,\u00a0<strong data-start=\"1800\" data-end=\"1818\">Nelson Lazarte<\/strong>,\u00a0<strong data-start=\"1820\" data-end=\"1838\">Rafael Llorens<\/strong>,\u00a0<strong data-start=\"1840\" data-end=\"1865\">Jos\u00e9 Mar\u00eda Olazagasti<\/strong>\u00a0y\u00a0<strong data-start=\"1868\" data-end=\"1882\">Rudy Ulloa<\/strong>, todos vinculados al expediente.<\/p>\n<p data-start=\"1917\" data-end=\"2098\">Durante la jornada, la exmandataria protagoniz\u00f3 un\u00a0<strong data-start=\"1968\" data-end=\"1999\">tenso cruce con el tribunal<\/strong>\u00a0cuando fue consultada sobre si ten\u00eda apodos, en uno de los momentos m\u00e1s inc\u00f3modos de la audiencia.<\/p>\n<p data-start=\"2100\" data-end=\"2437\">Cerca de las 10 de la ma\u00f1ana, defendi\u00f3 la obra p\u00fablica al se\u00f1alar que fue \u201c<strong data-start=\"2175\" data-end=\"2196\">tan estigmatizada<\/strong>\u201d y remarc\u00f3 que genera empleo, adem\u00e1s de vincular su desarrollo con gobiernos \u201cpopulistas\u201d. En ese contexto, volvi\u00f3 a cuestionar la causa y sostuvo que \u201c<strong data-start=\"2349\" data-end=\"2373\">es un gran disparate<\/strong>\u201d, al tiempo que insisti\u00f3 en que las pruebas fueron manipuladas.<\/p>\n<p data-start=\"2439\" data-end=\"2593\">\u201c\u00bfEs cre\u00edble todo esto? \u00bfC\u00f3mo me pagaron, c\u00f3mo fue?\u201d, plante\u00f3 de manera ret\u00f3rica, y reiter\u00f3 sus cr\u00edticas a la instrucci\u00f3n del caso y al accionar judicial.<\/p>\n<p data-start=\"2595\" data-end=\"2842\">En el tramo final de su exposici\u00f3n, lanz\u00f3 una de las frases m\u00e1s contundentes:\u00a0<strong data-start=\"2673\" data-end=\"2770\">\u201cMe puedo morir presa con este sistema judicial, pero en alg\u00fan momento esto se va a terminar\u201d<\/strong>, en referencia a sus cuestionamientos al funcionamiento de la Justicia.<\/p>\n<p data-start=\"2844\" data-end=\"3133\">Adem\u00e1s, volvi\u00f3 a apuntar contra el sistema judicial en su conjunto y lo vincul\u00f3 con el contexto pol\u00edtico actual. En ese sentido, cuestion\u00f3 declaraciones del presidente\u00a0<strong data-start=\"3012\" data-end=\"3028\">Javier Milei<\/strong>, a quien acus\u00f3 de interferir en otro poder del Estado al referirse p\u00fablicamente a su situaci\u00f3n judicial.<\/p>\n<p data-start=\"3135\" data-end=\"3343\">Tambi\u00e9n critic\u00f3 el funcionamiento del\u00a0<strong data-start=\"3173\" data-end=\"3203\">Consejo de la Magistratura<\/strong>\u00a0y advirti\u00f3 sobre un creciente desprestigio de la Justicia, que, seg\u00fan sostuvo, podr\u00eda profundizarse en un escenario de deterioro econ\u00f3mico.<\/p>\n<p data-start=\"3345\" data-end=\"3564\">En otro tramo, reforz\u00f3 su hip\u00f3tesis de persecuci\u00f3n judicial y apunt\u00f3 contra el Ministerio P\u00fablico Fiscal, denunciando supuestas maniobras irregulares en la investigaci\u00f3n y v\u00ednculos indebidos en la construcci\u00f3n del caso. Finalmente, cuestion\u00f3 la coherencia de las acusaciones en su contra: \u201cDicen que favorec\u00eda a unos empresarios y ahora que soy socia de todos.\u00a0<strong data-start=\"3707\" data-end=\"3753\">Sean m\u00e1s coherentes a la hora de perseguir<\/strong>\u201d, concluy\u00f3.<\/p>\n<p data-start=\"3794\" data-end=\"4023\">Minutos despu\u00e9s de finalizar su declaraci\u00f3n, a las\u00a0<strong data-start=\"3845\" data-end=\"3854\">10:08<\/strong>,\u00a0<strong data-start=\"3856\" data-end=\"3877\">Cristina Kirchner<\/strong>\u00a0se retir\u00f3 de\u00a0<strong data-start=\"3891\" data-end=\"3906\">Comodoro Py<\/strong>\u00a0tras prestar indagatoria, en la que no respondi\u00f3 preguntas ni del tribunal ni de la fiscal general\u00a0<strong data-start=\"4006\" data-end=\"4022\">Fabiana Le\u00f3n<\/strong>.<\/p>\n<p data-start=\"4025\" data-end=\"4205\" data-is-last-node=\"\" data-is-only-node=\"\">Junto con su salida, tambi\u00e9n dejaron los tribunales de Retiro dirigentes pol\u00edticos como\u00a0<strong data-start=\"4113\" data-end=\"4129\">Juan Grabois<\/strong>,\u00a0<strong data-start=\"4131\" data-end=\"4149\">Gustavo Vald\u00e9s<\/strong>,\u00a0<strong data-start=\"4151\" data-end=\"4168\">Mayra Mendoza<\/strong>\u00a0y\u00a0<strong data-start=\"4171\" data-end=\"4191\">Federico Oterm\u00edn<\/strong>, entre otros.<\/p>\n<\/div>\n<\/article>\n","protected":false},"excerpt":{"rendered":"<p>La expresidenta\u00a0Cristina Fern\u00e1ndez de Kirchner\u00a0volvi\u00f3 a cuestionar con dureza la investigaci\u00f3n en la\u00a0Causa Cuadernos\u00a0al declarar ante el\u00a0TOF 7\u00a0en los tribunales<\/p>\n","protected":false},"author":1,"featured_media":30047,"comment_status":"closed","ping_status":"closed","sticky":false,"template":"","format":"standard","meta":{"footnotes":"","jetpack_publicize_message":"","jetpack_publicize_feature_enabled":true,"jetpack_social_post_already_shared":true,"jetpack_social_options":{"image_generator_settings":{"template":"highway","enabled":false},"version":2}},"categories":[4],"tags":[],"class_list":["post-30046","post","type-post","status-publish","format-standard","has-post-thumbnail","hentry","category-nacionales"],"jetpack_publicize_connections":[],"_links":{"self":[{"href":"https:\/\/diariorepublica.com.ar\/web\/index.php\/wp-json\/wp\/v2\/posts\/30046"}],"collection":[{"href":"https:\/\/diariorepublica.com.ar\/web\/index.php\/wp-json\/wp\/v2\/posts"}],"about":[{"href":"https:\/\/diariorepublica.com.ar\/web\/index.php\/wp-json\/wp\/v2\/types\/post"}],"author":[{"embeddable":true,"href":"https:\/\/diariorepublica.com.ar\/web\/index.php\/wp-json\/wp\/v2\/users\/1"}],"replies":[{"embeddable":true,"href":"https:\/\/diariorepublica.com.ar\/web\/index.php\/wp-json\/wp\/v2\/comments?post=30046"}],"version-history":[{"count":1,"href":"https:\/\/diariorepublica.com.ar\/web\/index.php\/wp-json\/wp\/v2\/posts\/30046\/revisions"}],"predecessor-version":[{"id":30048,"href":"https:\/\/diariorepublica.com.ar\/web\/index.php\/wp-json\/wp\/v2\/posts\/30046\/revisions\/30048"}],"wp:featuredmedia":[{"embeddable":true,"href":"https:\/\/diariorepublica.com.ar\/web\/index.php\/wp-json\/wp\/v2\/media\/30047"}],"wp:attachment":[{"href":"https:\/\/diariorepublica.com.ar\/web\/index.php\/wp-json\/wp\/v2\/media?parent=30046"}],"wp:term":[{"taxonomy":"category","embeddable":true,"href":"https:\/\/diariorepublica.com.ar\/web\/index.php\/wp-json\/wp\/v2\/categories?post=30046"},{"taxonomy":"post_tag","embeddable":true,"href":"https:\/\/diariorepublica.com.ar\/web\/index.php\/wp-json\/wp\/v2\/tags?post=30046"}],"curies":[{"name":"wp","href":"https:\/\/api.w.org\/{rel}","templated":true}]}}