{"id":30088,"date":"2026-03-19T00:20:00","date_gmt":"2026-03-19T03:20:00","guid":{"rendered":"https:\/\/diariorepublica.com.ar\/web\/?p=30088"},"modified":"2026-03-19T07:21:47","modified_gmt":"2026-03-19T10:21:47","slug":"la-fiesta-del-poncho-abrio-convocatoria-para-expositores-artistas-y-gastronomicos","status":"publish","type":"post","link":"https:\/\/diariorepublica.com.ar\/web\/index.php\/sociedad\/2026\/03\/19\/la-fiesta-del-poncho-abrio-convocatoria-para-expositores-artistas-y-gastronomicos\/","title":{"rendered":"La Fiesta del Poncho abri\u00f3 convocatoria para expositores, artistas y gastron\u00f3micos"},"content":{"rendered":"<p>La 55\u00ba edici\u00f3n de la Fiesta Nacional e Internacional del Poncho, que tendr\u00e1 lugar del 17 al 26 de julio pr\u00f3ximo en el Predio Ferial Catamarca, abri\u00f3 convocatorias para sus distintos espacios de exposici\u00f3n, para sus escenarios y para los sectores gastron\u00f3micos destinados a food trucks. Hasta el 13 de abril est\u00e1 abierta la posibilidad de postular.<\/p>\n<p>Mediante conferencia de prensa, desde el MInisterio de Cultura, Turismo y Deporte se dieron detalles y recomendaciones para aquellos artesanos, dise\u00f1adores, manualistas, elaboradores de productos regionales, creativos y propietarios de food trucks que quieran postular por un espacio en la fiesta que, en 2025, tuvo un r\u00e9cord de 1.4000.000 visitas en sus 10 d\u00edas y un total de 1.600 expositores.<\/p>\n<p>Un dato importante -que anunci\u00f3 la ministra de Cultura, Turismo y Deporte, Daiana Rold\u00e1n- es que se mantienen los valores de los stands y espacios gastron\u00f3micos del a\u00f1o pasado, atendiendo a la situaci\u00f3n econ\u00f3mica y procurando que la inversi\u00f3n de base de un stand no sea obst\u00e1culo para la postulaci\u00f3n.<\/p>\n<p>Rold\u00e1n tambi\u00e9n anticip\u00f3 algunas cuestiones vinculadas a la programaci\u00f3n esc\u00e9nica, aunque aclar\u00f3 que la grilla de artistas nacionales invitados se dar\u00e1 a conocer m\u00e1s adelante: \u201cEn esta edici\u00f3n va a contar con 6 noches de espect\u00e1culo en el Escenario Mayor, 9 tardes en El Patio y vamos a tener una celebraci\u00f3n muy especial para que todos puedan venir a festejar el D\u00eda del Amigo en el Poncho\u201d, anticip\u00f3 la ministra Rold\u00e1n.<\/p>\n<p>Laura Maubec\u00edn, secretaria de Gesti\u00f3n Cultural, destac\u00f3 que esta convocatoria anticipada busca dar previsibilidad para que artesanos, creativos, gastron\u00f3micos y artistas se preparen de la mejor manera y para que quienes sean seleccionados dispongan del tiempo suficiente para generar su stock. \u00abLa idea fue adelantar la fecha de las convocatorias para que cada uno pueda trabajar sobre su propuesta, sobre lo que va a producir para compartir durante la fiesta\u201d, se\u00f1al\u00f3 y recomend\u00f3 a cada postulante leer detenidamente los reglamentos y no esperar a \u00faltimo momento para postular, teniendo en cuenta que hay requisitos como enlaces, documentaci\u00f3n o fotograf\u00edas que deben ser presentadas.<\/p>\n<p>Tras destacar que el lanzamiento de las convocatorias tempranas era una demanda del sector, el director de Artesan\u00edas, Gonzalo Cancino se\u00f1al\u00f3 que este a\u00f1o, nuevamente, los artesanos, manualistas y elaboradores de productos regionales de Catamarca que resulten seleccionados para exponer en la feria no pagar\u00e1n canon por su stand. El Estado provincial volver\u00e1 a asumir ese costo valorando la importancia que tiene su participaci\u00f3n en el evento.<\/p>\n<p>Luis Castro, director de Desarrollo Cultural, se refiri\u00f3 a las convocatorias art\u00edsticas destinadas a postulantes catamarque\u00f1os. Se\u00f1al\u00f3 que la Fiesta del Poncho \u201cno solo ha experimentado un crecimiento en cantidad de escenarios, sino tambi\u00e9n en diversidad de g\u00e9neros y expresiones art\u00edsticas que alberga\u201d y en ese sentido anticip\u00f3 que son 4 los escenarios que formar\u00e1n parte de la edici\u00f3n 2026: Escenario Mayor, El Patio, Pabell\u00f3n de Turismo y Mercado Cultural. Tambi\u00e9n destac\u00f3 que la l\u00f3gica de postulaciones -a trav\u00e9s de una plataforma web- es la misma que se maneja en la mayor\u00eda de los festivales del pa\u00eds, por lo que recomend\u00f3 prestar atenci\u00f3n a los requisitos que, en definitiva, terminan siendo la carta de presentaci\u00f3n de cada artista.<\/p>\n<p>Por su parte Rodrigo Nieva, encargado del sector de Food Trucks, se\u00f1al\u00f3 que esta convocatoria busca seleccionar las propuestas gastron\u00f3micas de comidas r\u00e1pidas que ser\u00e1n distribuidas, seg\u00fan criterios de la organizaci\u00f3n, en distintos sectores del Predio Ferial.<\/p>\n<p>Todas las convocatorias con sus respectivos reglamentos est\u00e1n publicadas en https:\/\/convocatoriaponcho.catamarca.gob.ar\/<\/p>\n<p>Convocatoria Artesan\u00edas, Manualidades y Productos Regionales<\/p>\n<p>A la convocatoria de Artesan\u00edas pueden postular artesanos y artesanas del pa\u00eds y del exterior mayores de 18 a\u00f1os que realizan productos de factura 100% artesanal con transformaci\u00f3n de la materia prima desde su origen.<\/p>\n<p>Los manualistas, quienes desarrollan sus productos de forma artesanal a partir de materiales procesados o industrializados pueden postular al sector de Manualidades. Tejidos en dos agujas o crochet, amigurimis, mu\u00f1equer\u00eda, puntillismo, bordados y costuras, juegos did\u00e1cticos, marroquiner\u00eda en cuero ecol\u00f3gico, entre otros productos se consideran manualidades a los efectos de la postulaci\u00f3n.<\/p>\n<p>Para el sector Productos Regionales se reciben postulaciones de personas del pa\u00eds y el extranjero, elaboradoras de productos comestibles como masas, confituras, dulces, vinos y licores cuyos ingredientes, origen, identidad y caracter\u00edsticas est\u00e9n ligadas a una regi\u00f3n geogr\u00e1fica espec\u00edfica.<\/p>\n<p>Al igual que ya viene sucediendo desde a\u00f1os anteriores, por decisi\u00f3n del Gobierno de la Provincia, los artesanos, manualistas y productores regionales de Catamarca que resulten seleccionados no pagar\u00e1n canon por su stand.<\/p>\n<p>Por dudas y consultas: fiestadelponcho@catamarca.gov.ar asunto Feria Artesanal o v\u00eda WhatsApp al n\u00famero +54 9 383 4992825 (lunes a viernes de 8 a 12)<\/p>\n<p>Convocatoria Poncho Dise\u00f1o<\/p>\n<p>El Sal\u00f3n Poncho Dise\u00f1o ya es un cl\u00e1sico de la Fiesta del Poncho, con una d\u00e9cada de trayectoria, re\u00fane a dise\u00f1adores de Catamarca y distintos puntos del pa\u00eds que presentan colecciones de autor en sus distintas formas: dise\u00f1o de moda o indumentaria, de objetos, accesorios, etc.<\/p>\n<p>No entran en esta convocatoria productos industrializados sin intervenci\u00f3n de dise\u00f1o propio, copias o reproducciones de marcas existentes ni propuestas que no integren un proceso creativo.<\/p>\n<p>Por dudas y consultas sobre Poncho Dise\u00f1o: fiestadelponcho@catamarca.gov.ar asunto Poncho Dise\u00f1o o v\u00eda WhatsApp al n\u00famero +54 9 383 4992825 (lunes a viernes de 8 a 12)<\/p>\n<p>Convocatoria Escenarios: m\u00fasica, danza y locuci\u00f3n<\/p>\n<p>La Fiesta Nacional e Internacional del Poncho 2026 contar\u00e1 con cuatro escenarios: el Escenario Mayor, el escenario de El Patio, el escenario del Mercado Cultural y el del Pabell\u00f3n de Turismo, cada uno con sus particularidades y enfoques espec\u00edficos. El Escenario Mayor se centrar\u00e1 en expresiones art\u00edsticas de ra\u00edces folcl\u00f3ricas argentinas, mientras que El Patio, el Pabell\u00f3n de Turismo y el Mercado Cultural aceptar\u00e1n propuestas de una amplia variedad de g\u00e9neros y estilos art\u00edsticos.<\/p>\n<p>La convocatoria art\u00edstica es una sola y est\u00e1 destinada exclusivamente a catamarque\u00f1os: m\u00fasicos (solista d\u00fao vocal o conjunto vocal o instrumental), ballets y academias de danza; y locutoras y locutores. Cada disciplina tiene un reglamento que los postulantes deben conocer y respetar.<\/p>\n<p>Una de las consideraciones m\u00e1s importantes es que la organizaci\u00f3n tendr\u00e1 la potestad de decidir a qu\u00e9 escenario se asignar\u00e1n las propuestas seleccionadas, en funci\u00f3n de criterios de programaci\u00f3n.<\/p>\n<p>Por dudas o consultas: desarrollocultural@catamarca.gov.ar asunto: Escenarios Poncho<\/p>\n<p>Convocatorias Sector Comercial y Mercado Cultural<\/p>\n<p>A estas convocatorias pueden postular creativos y productores culturales de Argentina y el extranjero (con residencia m\u00ednima de 2 a\u00f1os en el pa\u00eds) que elaboren de forma artesanal o con herramientas simples productos manufacturados a partir de materiales industrializados como telas, cueros, cuerinas, cordones accesorios, metales, pedrer\u00eda de fantas\u00eda, esencias, ceras, etc).<\/p>\n<p>Se priorizar\u00e1n aquellas postulaciones que permitan evidenciar el proceso artesanal y\/o de dise\u00f1o de autor de sus creaciones, que presenten alto valor cultural, creativo, y reflejen identidad, t\u00e9cnicas o saberes propios. No se admitir\u00e1 la reventa ni la postulaci\u00f3n de productos fabricados industrialmente.<\/p>\n<p>Por dudas o consultas: gestioncultural@catamarca.gov.ar asunto: Sector Comercial o Mercado Cultural, seg\u00fan corresponda.<\/p>\n<p>Convocatoria Food Trucks<\/p>\n<p>El objetivo de esta convocatoria es reunir una cantidad determinada de food trucks que ofrezcan propuestas gastron\u00f3micas de comidas r\u00e1pidas y que ser\u00e1n distribuidos, seg\u00fan criterios de la organizaci\u00f3n, en distintos sectores del Predio Ferial.<\/p>\n<p>La convocatoria est\u00e1 destinada a personas que se dedican al rubro gastron\u00f3mico (inscriptos impositivamente en el rubro) y que poseen food trucks o carros gastron\u00f3micos con los requisitos y caracter\u00edsticas establecidos por reglamento. Si bien se reciben postulaciones de todo el pa\u00eds, se priorizar\u00e1n las propuestas de food trucks de Catamarca y dentro de estas, las que tengan mayor antig\u00fcedad en el rubro.<\/p>\n<p>Para postular es necesario describir la oferta gastron\u00f3mica propuesta, contar con curso y carnet de manipulaci\u00f3n de alimentos y seguro contra terceros del carro gastron\u00f3mico.<\/p>\n<p>Por dudas o consultas: minculturayturismo@catamarca.gov.ar Asunto: Food Trucks<\/p>\n<p>Las convocatorias est\u00e1n abiertas hasta el 13 de abril. Los reglamentos y formularios de postulaci\u00f3n est\u00e1n disponibles en https:\/\/convocatoriaponcho.catamarca.gob.ar\/<\/p>\n","protected":false},"excerpt":{"rendered":"<p>La 55\u00ba edici\u00f3n de la Fiesta Nacional e Internacional del Poncho, que tendr\u00e1 lugar del 17 al 26 de julio<\/p>\n","protected":false},"author":1,"featured_media":30089,"comment_status":"closed","ping_status":"closed","sticky":false,"template":"","format":"standard","meta":{"footnotes":"","jetpack_publicize_message":"","jetpack_publicize_feature_enabled":true,"jetpack_social_post_already_shared":true,"jetpack_social_options":{"image_generator_settings":{"template":"highway","enabled":false},"version":2}},"categories":[3],"tags":[],"class_list":["post-30088","post","type-post","status-publish","format-standard","has-post-thumbnail","hentry","category-sociedad"],"jetpack_publicize_connections":[],"_links":{"self":[{"href":"https:\/\/diariorepublica.com.ar\/web\/index.php\/wp-json\/wp\/v2\/posts\/30088"}],"collection":[{"href":"https:\/\/diariorepublica.com.ar\/web\/index.php\/wp-json\/wp\/v2\/posts"}],"about":[{"href":"https:\/\/diariorepublica.com.ar\/web\/index.php\/wp-json\/wp\/v2\/types\/post"}],"author":[{"embeddable":true,"href":"https:\/\/diariorepublica.com.ar\/web\/index.php\/wp-json\/wp\/v2\/users\/1"}],"replies":[{"embeddable":true,"href":"https:\/\/diariorepublica.com.ar\/web\/index.php\/wp-json\/wp\/v2\/comments?post=30088"}],"version-history":[{"count":1,"href":"https:\/\/diariorepublica.com.ar\/web\/index.php\/wp-json\/wp\/v2\/posts\/30088\/revisions"}],"predecessor-version":[{"id":30090,"href":"https:\/\/diariorepublica.com.ar\/web\/index.php\/wp-json\/wp\/v2\/posts\/30088\/revisions\/30090"}],"wp:featuredmedia":[{"embeddable":true,"href":"https:\/\/diariorepublica.com.ar\/web\/index.php\/wp-json\/wp\/v2\/media\/30089"}],"wp:attachment":[{"href":"https:\/\/diariorepublica.com.ar\/web\/index.php\/wp-json\/wp\/v2\/media?parent=30088"}],"wp:term":[{"taxonomy":"category","embeddable":true,"href":"https:\/\/diariorepublica.com.ar\/web\/index.php\/wp-json\/wp\/v2\/categories?post=30088"},{"taxonomy":"post_tag","embeddable":true,"href":"https:\/\/diariorepublica.com.ar\/web\/index.php\/wp-json\/wp\/v2\/tags?post=30088"}],"curies":[{"name":"wp","href":"https:\/\/api.w.org\/{rel}","templated":true}]}}