{"id":30091,"date":"2026-03-19T07:30:03","date_gmt":"2026-03-19T10:30:03","guid":{"rendered":"https:\/\/diariorepublica.com.ar\/web\/?p=30091"},"modified":"2026-03-19T07:30:05","modified_gmt":"2026-03-19T10:30:05","slug":"alerta-sofia-por-la-desaparicion-de-una-menor-de-2-anos-en-cosquin","status":"publish","type":"post","link":"https:\/\/diariorepublica.com.ar\/web\/index.php\/nacionales\/2026\/03\/19\/alerta-sofia-por-la-desaparicion-de-una-menor-de-2-anos-en-cosquin\/","title":{"rendered":"Alerta Sof\u00eda por la desaparici\u00f3n de una menor de 2 a\u00f1os en Cosquin"},"content":{"rendered":"<p><strong>Un amplio operativo de b\u00fasqueda se despleg\u00f3 en el barrio San Jos\u00e9 Obrero<\/strong>, en la ciudad de Cosqu\u00edn, para dar con el paradero de\u00a0<strong>Esmeralda Pereyra L\u00f3pez<\/strong>, una\u00a0<strong>ni\u00f1a de 2 a\u00f1os<\/strong>\u00a0que es intensamente buscada desde este mediod\u00eda.<\/p>\n<p><strong>El procedimiento se concentra en las inmediaciones de la calle Jacinto Piedra<\/strong>, donde las autoridades establecieron el domicilio de la menor como \u201cpunto cero\u201d del rastrillaje, desde donde se organizan las tareas de b\u00fasqueda.<\/p>\n<p>Del operativo participan fuerzas de seguridad y equipos especializados que llevan adelante rastrillajes terrestres con el apoyo de\u00a0<strong>unidades caninas, personal de rescate y drones<\/strong>, con el objetivo de cubrir un amplio radio en el menor tiempo posible.<\/p>\n<p>La coordinaci\u00f3n del despliegue est\u00e1 a cargo de las m\u00e1ximas autoridades policiales de la regi\u00f3n, encabezadas por el subjefe de Polic\u00eda de la Jefatura Interior,\u00a0<strong>Iv\u00e1n Rey,<\/strong>\u00a0y el director general de Departamentales Norte,\u00a0<strong>V\u00edctor Quevedo.<\/strong><\/p>\n<p><strong>Las tareas contin\u00faan con el objetivo de localizar a la menor<\/strong>, mientras se intensifican los operativos en la zona y alrededores.<\/p>\n<p><strong>El Ministerio de Seguridad de la Naci\u00f3n<\/strong>\u00a0difundi\u00f3 este mi\u00e9rcoles, a trav\u00e9s de la cuenta oficial de X (antes Twitter),\u00a0<strong>una ALERTA SOF\u00cdA por la desaparici\u00f3n de Esmeralda Pereyra L\u00f3pez de 2 a\u00f1os.\u00a0<\/strong><\/p>\n<p>\u201cBuscamos a Esmeralda Marisa Pereyra L\u00f3pez, de 2 a\u00f1os.\u00a0<strong>Fue vista por \u00faltima vez el 18 de marzo de 2026 en el barrio San Jos\u00e9 Obrero, en la ciudad de Cosqu\u00edn, C\u00f3rdoba.<\/strong>\u00a0Mide aproximadamente 60 cm, es de contextura delgada, tez blanca, cabello casta\u00f1o oscuro, largo y ondulado hasta los hombros, y ojos marrones. A<strong>nte cualquier informaci\u00f3n, comunicarse a la l\u00ednea 134\u201d<\/strong>, escribi\u00f3 en redes sociales.<\/p>\n<figure class=\"multimedia\" data-html=\"\" data-tadevel-template=\"web\/multimedia\" data-type=\"rich\" data-url=\"https:\/\/twitter.com\/MinSeguridad_Ar\/status\/2034434558175711247\">\n<div class=\"content\"><iframe src=\"https:\/\/alpha-app.tadevel-cdn.com\/hostname\/noticiasargentinas.com\/api\/v1\/sandbox\/PGJsb2NrcXVvdGUgY2xhc3M9InR3aXR0ZXItdHdlZXQiPjxwIGxhbmc9ImVzIiBkaXI9Imx0ciI%2BQUxFUlRBIFNPRsONQTxicj48YnI%2BQnVzY2Ftb3MgYSBFc21lcmFsZGEgTWFyaXNhIFBlcmV5cmEgTMOzcGV6LCBkZSAyIGHDsW9zLjxicj48YnI%2BRnVlIHZpc3RhIHBvciDDumx0aW1hIHZleiBlbCAxOCBkZSBtYXJ6byBkZSAyMDI2IGVuIGVsIGJhcnJpbyBTYW4gSm9zw6kgT2JyZXJvLCBlbiBsYSBjaXVkYWQgZGUgQ29zcXXDrW4sIEPDs3Jkb2JhLjxicj48YnI%2BTWlkZSBhcHJveGltYWRhbWVudGUgNjAgY20sIGVzIGRlIGNvbnRleHR1cmEgZGVsZ2FkYSwgdGV6IGJsYW5jYSwgY2FiZWxsbyBjYXN0YcOxbyBvc2N1cm8sIGxhcmdvIHnigKYgPGEgaHJlZj0iaHR0cHM6Ly90LmNvLzhlU1V5aVZvMjUiPnBpYy50d2l0dGVyLmNvbS84ZVNVeWlWbzI1PC9hPjwvcD4mbWRhc2g7IE1pbmlzdGVyaW8gZGUgU2VndXJpZGFkIE5hY2lvbmFsIChATWluU2VndXJpZGFkX0FyKSA8YSBocmVmPSJodHRwczovL3R3aXR0ZXIuY29tL01pblNlZ3VyaWRhZF9Bci9zdGF0dXMvMjAzNDQzNDU1ODE3NTcxMTI0Nz9yZWZfc3JjPXR3c3JjJTVFdGZ3Ij5NYXJjaCAxOSwgMjAyNjwvYT48L2Jsb2NrcXVvdGU%2BCjxzY3JpcHQgYXN5bmMgc3JjPSJodHRwczovL3BsYXRmb3JtLnR3aXR0ZXIuY29tL3dpZGdldHMuanMiIGNoYXJzZXQ9InV0Zi04Ij48L3NjcmlwdD4KCg%3D%3D?v=675d89637ba0f93a4c3fe5787afa75e5&amp;s=f84cefad947a4fcf9a86c4f21e86bd71\" scrolling=\"no\" sandbox=\"allow-scripts allow-forms allow-same-origin allow-popups allow-popups-to-escape-sandbox\" data-mce-fragment=\"1\"><\/iframe><\/div><figcaption class=\"caption\">\n<div class=\"description\">X de Ministerio de Seguridad Nacional<\/div>\n<\/figcaption><\/figure>\n","protected":false},"excerpt":{"rendered":"<p>Un amplio operativo de b\u00fasqueda se despleg\u00f3 en el barrio San Jos\u00e9 Obrero, en la ciudad de Cosqu\u00edn, para dar<\/p>\n","protected":false},"author":1,"featured_media":30092,"comment_status":"closed","ping_status":"closed","sticky":false,"template":"","format":"standard","meta":{"footnotes":"","jetpack_publicize_message":"","jetpack_publicize_feature_enabled":true,"jetpack_social_post_already_shared":true,"jetpack_social_options":{"image_generator_settings":{"template":"highway","enabled":false},"version":2}},"categories":[4],"tags":[],"class_list":["post-30091","post","type-post","status-publish","format-standard","has-post-thumbnail","hentry","category-nacionales"],"jetpack_publicize_connections":[],"_links":{"self":[{"href":"https:\/\/diariorepublica.com.ar\/web\/index.php\/wp-json\/wp\/v2\/posts\/30091"}],"collection":[{"href":"https:\/\/diariorepublica.com.ar\/web\/index.php\/wp-json\/wp\/v2\/posts"}],"about":[{"href":"https:\/\/diariorepublica.com.ar\/web\/index.php\/wp-json\/wp\/v2\/types\/post"}],"author":[{"embeddable":true,"href":"https:\/\/diariorepublica.com.ar\/web\/index.php\/wp-json\/wp\/v2\/users\/1"}],"replies":[{"embeddable":true,"href":"https:\/\/diariorepublica.com.ar\/web\/index.php\/wp-json\/wp\/v2\/comments?post=30091"}],"version-history":[{"count":1,"href":"https:\/\/diariorepublica.com.ar\/web\/index.php\/wp-json\/wp\/v2\/posts\/30091\/revisions"}],"predecessor-version":[{"id":30093,"href":"https:\/\/diariorepublica.com.ar\/web\/index.php\/wp-json\/wp\/v2\/posts\/30091\/revisions\/30093"}],"wp:featuredmedia":[{"embeddable":true,"href":"https:\/\/diariorepublica.com.ar\/web\/index.php\/wp-json\/wp\/v2\/media\/30092"}],"wp:attachment":[{"href":"https:\/\/diariorepublica.com.ar\/web\/index.php\/wp-json\/wp\/v2\/media?parent=30091"}],"wp:term":[{"taxonomy":"category","embeddable":true,"href":"https:\/\/diariorepublica.com.ar\/web\/index.php\/wp-json\/wp\/v2\/categories?post=30091"},{"taxonomy":"post_tag","embeddable":true,"href":"https:\/\/diariorepublica.com.ar\/web\/index.php\/wp-json\/wp\/v2\/tags?post=30091"}],"curies":[{"name":"wp","href":"https:\/\/api.w.org\/{rel}","templated":true}]}}