{"id":30097,"date":"2026-03-19T06:32:00","date_gmt":"2026-03-19T09:32:00","guid":{"rendered":"https:\/\/diariorepublica.com.ar\/web\/?p=30097"},"modified":"2026-03-19T07:32:50","modified_gmt":"2026-03-19T10:32:50","slug":"seleccion-argentina-los-convocados-para-el-amistoso-con-guatemala-en-la-bombonera","status":"publish","type":"post","link":"https:\/\/diariorepublica.com.ar\/web\/index.php\/deportes\/2026\/03\/19\/seleccion-argentina-los-convocados-para-el-amistoso-con-guatemala-en-la-bombonera\/","title":{"rendered":"Selecci\u00f3n Argentina: los convocados para el amistoso con Guatemala en La Bombonera"},"content":{"rendered":"<article id=\"article-post\" class=\"first\">\n<div class=\"cuerpo\" data-twitter-link=\"https:\/\/twitter.com\/intent\/tweet?url=https:\/\/www.diariopopular.com.ar\/c891248&amp;via=poopulardiario&amp;related=Popular&amp;text=\">\n<p><strong>Lionel Scaloni revel\u00f3 los 28 futbolistas convocados para el amistoso con Guatemala, a disputarse el 31 de marzo en La Bombonera, que ser\u00e1 el \u00faltimo ensayo antes de la Copa del Mundo.\u00a0<\/strong>Hubo dos sorpresas del f\u00fatbol local, regresos y ausencias de peso m\u00e1s all\u00e1 de muchas caras conocidas que mantienen su lugar.<\/p>\n<\/div>\n<\/article>\n<article id=\"article-post\">\n<div class=\"cuerpo\" data-twitter-link=\"#TWEMBEDLINK#\">\n<p><strong>Tom\u00e1s Palacios (Estudiantes) y Gabriel Rojas (Racing) tuvieron su primera citaci\u00f3n en la Selecci\u00f3n Argentina.\u00a0<\/strong>El joven de 22 a\u00f1os, que la est\u00e1 rompiendo en el Pincha, es el m\u00e1s sorpresivo: era seguido desde hace tiempo por Scaloni y con sus \u00faltimas actuaciones termin\u00f3 de convencerlo para ganarse su lugar en la convocatoria.<\/p>\n<\/div>\n<\/article>\n<article id=\"article-post\">\n<div class=\"cuerpo\" data-twitter-link=\"#TWEMBEDLINK#\">\n<p>Por otro lado,\u00a0<strong>Marcos Acu\u00f1a regres\u00f3 a la lista\u00a0<\/strong>despu\u00e9s de su ausencia en la convocatoria anterior para el amistoso ante Angola.<strong>\u00a0Y hubo bajas fuertes por lesi\u00f3n: Gio Lo Celso, Lisandro Mart\u00ednez y Lautaro Mart\u00ednez.\u00a0<\/strong>Los tres futbolistas apenas se recuperen volver\u00e1n a las listas.<\/p>\n<\/div>\n<\/article>\n<article id=\"article-post\">\n<div class=\"cuerpo\" data-twitter-link=\"#TWEMBEDLINK#\">\n<div id=\"embed40_wrap\" class=\"embed_cont type_freetext\" contenteditable=\"false\">\n<div id=\"embed40_content\" class=\"embed_content\">\n<div id=\"embed40_embed\">\n<div class=\"twitter-tweet twitter-tweet-rendered\"><iframe id=\"twitter-widget-0\" class=\"\" title=\"X Post\" src=\"https:\/\/platform.twitter.com\/embed\/Tweet.html?creatorScreenName=diariopopular&amp;dnt=false&amp;embedId=twitter-widget-0&amp;features=eyJ0ZndfdGltZWxpbmVfbGlzdCI6eyJidWNrZXQiOltdLCJ2ZXJzaW9uIjpudWxsfSwidGZ3X2ZvbGxvd2VyX2NvdW50X3N1bnNldCI6eyJidWNrZXQiOnRydWUsInZlcnNpb24iOm51bGx9LCJ0ZndfdHdlZXRfZWRpdF9iYWNrZW5kIjp7ImJ1Y2tldCI6Im9uIiwidmVyc2lvbiI6bnVsbH0sInRmd19yZWZzcmNfc2Vzc2lvbiI6eyJidWNrZXQiOiJvbiIsInZlcnNpb24iOm51bGx9LCJ0ZndfZm9zbnJfc29mdF9pbnRlcnZlbnRpb25zX2VuYWJsZWQiOnsiYnVja2V0Ijoib24iLCJ2ZXJzaW9uIjpudWxsfSwidGZ3X21peGVkX21lZGlhXzE1ODk3Ijp7ImJ1Y2tldCI6InRyZWF0bWVudCIsInZlcnNpb24iOm51bGx9LCJ0ZndfZXhwZXJpbWVudHNfY29va2llX2V4cGlyYXRpb24iOnsiYnVja2V0IjoxMjA5NjAwLCJ2ZXJzaW9uIjpudWxsfSwidGZ3X3Nob3dfYmlyZHdhdGNoX3Bpdm90c19lbmFibGVkIjp7ImJ1Y2tldCI6Im9uIiwidmVyc2lvbiI6bnVsbH0sInRmd19kdXBsaWNhdGVfc2NyaWJlc190b19zZXR0aW5ncyI6eyJidWNrZXQiOiJvbiIsInZlcnNpb24iOm51bGx9LCJ0ZndfdXNlX3Byb2ZpbGVfaW1hZ2Vfc2hhcGVfZW5hYmxlZCI6eyJidWNrZXQiOiJvbiIsInZlcnNpb24iOm51bGx9LCJ0ZndfdmlkZW9faGxzX2R5bmFtaWNfbWFuaWZlc3RzXzE1MDgyIjp7ImJ1Y2tldCI6InRydWVfYml0cmF0ZSIsInZlcnNpb24iOm51bGx9LCJ0ZndfbGVnYWN5X3RpbWVsaW5lX3N1bnNldCI6eyJidWNrZXQiOnRydWUsInZlcnNpb24iOm51bGx9LCJ0ZndfdHdlZXRfZWRpdF9mcm9udGVuZCI6eyJidWNrZXQiOiJvbiIsInZlcnNpb24iOm51bGx9fQ%3D%3D&amp;frame=false&amp;hideCard=false&amp;hideThread=false&amp;id=2034320041722732644&amp;lang=en&amp;origin=https%3A%2F%2Fwww.diariopopular.com.ar%2Ffutbol%2Fseleccion-argentina-los-convocados-el-amistoso-guatemala-la-bombonera-n891248&amp;sessionId=3b04c0cd288dba335e2e45b167ecc28cf2c0c57e&amp;siteScreenName=diariopopular&amp;theme=light&amp;widgetsVersion=2615f7e52b7e0%3A1702314776716&amp;width=550px\" frameborder=\"0\" scrolling=\"no\" allowfullscreen=\"allowfullscreen\" data-tweet-id=\"2034320041722732644\" data-gtm-yt-inspected-14=\"true\" data-mce-fragment=\"1\"><\/iframe><\/div>\n<\/div>\n<\/div>\n<div class=\"embed_wrapper-cont\">\n<div id=\"embed40_epigrafe\" class=\"embed_epigrafe\"><\/div>\n<div id=\"embed40_copyright\" class=\"embed_copyright\"><\/div>\n<\/div>\n<\/div>\n<p>De todas formas,\u00a0<strong>no est\u00e1 descartado que alguno de los tres profesionales que no dicen presente en el listado puedan llegar a venir para compartir con el grupo\u00a0<\/strong>y entrenarse junto a sus compa\u00f1eros habituales. Asimismo,\u00a0<strong>tambi\u00e9n se destacan en la n\u00f3mina la presencia de Valent\u00edn Barco, Mat\u00edas Perrone y Marcos Senesi,<\/strong>\u00a0futbolistas que Scaloni cree que se pueden consolidar a futuro en la Selecci\u00f3n Argentina.<\/p>\n<\/div>\n<\/article>\n<article id=\"article-post\">\n<div class=\"cuerpo\" data-twitter-link=\"#TWEMBEDLINK#\">\n<p>M\u00e1s all\u00e1 de las ausencias por lesi\u00f3n, la lista tambi\u00e9n refleja decisiones t\u00e9cnicas que hablan del estado de competencia interna en la Selecci\u00f3n:\u00a0<strong>Scaloni parece haber elegido a Nico Paz y a Gianluca Prestianni por sobre Franco Mastantuono (con pocos minutos en el Madrid) y Alejandro Garnacho (que no viene siendo convocado),<\/strong>\u00a0en una pulseada entre j\u00f3venes talentos que el DT resolvi\u00f3 a favor de los primeros, quienes son titulares en sus equipos.<\/p>\n<p>En el mismo sentido,<strong>\u00a0Jos\u00e9 Manuel L\u00f3pez se impuso en la consideraci\u00f3n del cuerpo t\u00e9cnico sobre Joaqu\u00edn Panichelli, quien la rompe en el Racing de Estrasburgo.\u00a0<\/strong>Dos duelos generacionales que Scaloni cerr\u00f3 con sus elecciones y que, de cara al Mundial, marcan el mapa de qui\u00e9n est\u00e1 primero en la fila.<\/p>\n<p><strong>El amistoso ante Guatemala naci\u00f3 de la urgencia despu\u00e9s de la cancelaci\u00f3n de la Finalissima.<\/strong>\u00a0El acuerdo con Guatemala se cerr\u00f3 r\u00e1pido y hasta ayer era un hecho que el partido se jugar\u00eda en el pa\u00eds, aunque el estadio a\u00fan estaba en definici\u00f3n. Este mi\u00e9rcoles a primera hora lleg\u00f3 la confirmaci\u00f3n:\u00a0<strong>La Bombonera ser\u00e1 el escenario del \u00faltimo ensayo antes del Mundial.<\/strong><\/p>\n<\/div>\n<\/article>\n","protected":false},"excerpt":{"rendered":"<p>Lionel Scaloni revel\u00f3 los 28 futbolistas convocados para el amistoso con Guatemala, a disputarse el 31 de marzo en La<\/p>\n","protected":false},"author":1,"featured_media":30098,"comment_status":"closed","ping_status":"closed","sticky":false,"template":"","format":"standard","meta":{"footnotes":"","jetpack_publicize_message":"","jetpack_publicize_feature_enabled":true,"jetpack_social_post_already_shared":true,"jetpack_social_options":{"image_generator_settings":{"template":"highway","enabled":false},"version":2}},"categories":[9],"tags":[],"class_list":["post-30097","post","type-post","status-publish","format-standard","has-post-thumbnail","hentry","category-deportes"],"jetpack_publicize_connections":[],"_links":{"self":[{"href":"https:\/\/diariorepublica.com.ar\/web\/index.php\/wp-json\/wp\/v2\/posts\/30097"}],"collection":[{"href":"https:\/\/diariorepublica.com.ar\/web\/index.php\/wp-json\/wp\/v2\/posts"}],"about":[{"href":"https:\/\/diariorepublica.com.ar\/web\/index.php\/wp-json\/wp\/v2\/types\/post"}],"author":[{"embeddable":true,"href":"https:\/\/diariorepublica.com.ar\/web\/index.php\/wp-json\/wp\/v2\/users\/1"}],"replies":[{"embeddable":true,"href":"https:\/\/diariorepublica.com.ar\/web\/index.php\/wp-json\/wp\/v2\/comments?post=30097"}],"version-history":[{"count":1,"href":"https:\/\/diariorepublica.com.ar\/web\/index.php\/wp-json\/wp\/v2\/posts\/30097\/revisions"}],"predecessor-version":[{"id":30099,"href":"https:\/\/diariorepublica.com.ar\/web\/index.php\/wp-json\/wp\/v2\/posts\/30097\/revisions\/30099"}],"wp:featuredmedia":[{"embeddable":true,"href":"https:\/\/diariorepublica.com.ar\/web\/index.php\/wp-json\/wp\/v2\/media\/30098"}],"wp:attachment":[{"href":"https:\/\/diariorepublica.com.ar\/web\/index.php\/wp-json\/wp\/v2\/media?parent=30097"}],"wp:term":[{"taxonomy":"category","embeddable":true,"href":"https:\/\/diariorepublica.com.ar\/web\/index.php\/wp-json\/wp\/v2\/categories?post=30097"},{"taxonomy":"post_tag","embeddable":true,"href":"https:\/\/diariorepublica.com.ar\/web\/index.php\/wp-json\/wp\/v2\/tags?post=30097"}],"curies":[{"name":"wp","href":"https:\/\/api.w.org\/{rel}","templated":true}]}}