{"id":3010,"date":"2023-05-19T09:41:00","date_gmt":"2023-05-19T12:41:00","guid":{"rendered":"https:\/\/diariorepublica.com.ar\/web\/?p=3010"},"modified":"2023-05-19T07:43:20","modified_gmt":"2023-05-19T10:43:20","slug":"emocionado-hasta-las-lagrimas-harrison-ford-recibe-la-palma-de-honor-en-cannes","status":"publish","type":"post","link":"https:\/\/diariorepublica.com.ar\/web\/index.php\/espectaculos\/2023\/05\/19\/emocionado-hasta-las-lagrimas-harrison-ford-recibe-la-palma-de-honor-en-cannes\/","title":{"rendered":"Emocionado hasta las l\u00e1grimas Harrison Ford recibe la Palma de Honor en Cannes"},"content":{"rendered":"<p>El festival de la Riviera Francesa abri\u00f3\u00a0este jueves para homenajear al\u00a0<strong>actor de \u00e9xitos incontrovertibles Harrison Ford<\/strong>\u00a0y que quedar\u00e1n en la historia del cine como \u00abStar Wars\u00bb, \u00abEl fugitivo\u00bb, \u00abBlade Runner\u00bb y la misma \u00abIndiana Jones\u00bb, quien\u00a0<strong>por primera vez pis\u00f3 este festival y fue el centro de atracci\u00f3n desde su llegada.<\/strong><\/p>\n<p>La gala de esta noche fue la m\u00e1s concurrida del festival que arranc\u00f3 el martes pasado con Johnny Depp en la alfombra roja, y el Gran Theatre Lumiere recibi\u00f3 de pie y con una ovaci\u00f3n de largos minutos la presencia de Ford.<\/p>\n<p>\u00abDicen que cuando vas a morir ves tu vida ante tus ojos y yo reci\u00e9n vi gran parte de mi vida ante mis ojos, no toda porque una parte esencial de mi vida tiene que ver con mi adorada esposa (la actriz Calista Flockhart, presente en la sala) que apoya mis pasiones y mis sue\u00f1os\u00bb, dijo Ford luego de que se proyectara sobre la pantalla de la sala un peque\u00f1o resumen de sus papeles principales a lo largo de m\u00e1s 50 a\u00f1os de trayectoria.<\/p>\n<div class=\"publiamp container\" data-tipo=\"tipo_desktop \" data-pos=\"AMP_P1_cuerpo\">\u00abEstoy profundamente conmovido por este honor, gracias, gracias, gracias\u00bb, concluy\u00f3 Ford su discurso luego de recibir la Palma de manos de la presidenta del Festival, Iris Knobloch.<\/div>\n<p>Momentos antes, el delegado general de Festival, Thierry Fremaux, hab\u00eda dicho: \u00abSe ha comentado que cuando alguien te da mucha felicidad debemos devolverle algo de todo eso y es esto lo que hacemos esta noche con Harrison Ford en agradecimiento por su carrera, su presente y lo que representa para el cine mundial\u00bb.<\/p>\n<p>Luego de lo cual\u00a0<strong>Ford subi\u00f3 al escenario a recibir la distinci\u00f3n, momento en que una ensordecedora ovaci\u00f3n lo salud\u00f3 de pie desde todos los rincones de la inmensa sala.<\/strong><\/p>\n<p>Mads Mikkelsen y Phoebe Waller-Bridge, coprotagonistas del filme que se present\u00f3 hoy aqu\u00ed por primera vez para una audiencia selecta aunque numerosa y que ma\u00f1ana podr\u00e1 ver la prensa acreditada, estuvieron en la alfombra roja m\u00e1s glamorosa de este 2023 de la Riviera Francesa.<\/p>\n<p>La actriz brit\u00e1nica con un traje de seda negro de Schiaparelliy, sobrio en el torso y finalizado en risos; el actor dan\u00e9s con traje negro y mo\u00f1o; tambi\u00e9n estuvieron la supermodelo norteamericana Karlie Kloss, con un vestido plisado de Dior con una extens\u00edsima cola que hizo olvidar las de Jeanne Du Barry en la pel\u00edcula sobre el reinado de Luis XV que se proyect\u00f3 en la apertura.<\/p>\n<p>Posaron para las fotos en el ingreso a la sala, la cantante Yseult, y las actrices Kelly Rutherford y Gemma Chan, todas de rojo, color que toma presencia en las galas, entre otras.<\/p>\n<p>La supermodelo brasile\u00f1a Luma Grothe, con un sugerente vestido rosa que descubr\u00eda una de sus piernas y trazaba tiras entre su cintura y el soutien, y la manequ\u00edn holandesa Luina Bijl, con un vestido entallado blanco muy cl\u00e1sico y con gracia, fueron otras de las asistentes famosas y que dan glamour a Cannes en la premiere de \u00abIndiana Jones y el dial del destino\u00bb. (T\u00e9lam)<\/p>\n","protected":false},"excerpt":{"rendered":"<p>El festival de la Riviera Francesa abri\u00f3\u00a0este jueves para homenajear al\u00a0actor de \u00e9xitos incontrovertibles Harrison Ford\u00a0y que quedar\u00e1n en la<\/p>\n","protected":false},"author":1,"featured_media":3011,"comment_status":"closed","ping_status":"closed","sticky":false,"template":"","format":"standard","meta":{"footnotes":"","jetpack_publicize_message":"","jetpack_publicize_feature_enabled":true,"jetpack_social_post_already_shared":false,"jetpack_social_options":{"image_generator_settings":{"template":"highway","enabled":false},"version":2}},"categories":[7],"tags":[],"class_list":["post-3010","post","type-post","status-publish","format-standard","has-post-thumbnail","hentry","category-espectaculos"],"jetpack_publicize_connections":[],"_links":{"self":[{"href":"https:\/\/diariorepublica.com.ar\/web\/index.php\/wp-json\/wp\/v2\/posts\/3010"}],"collection":[{"href":"https:\/\/diariorepublica.com.ar\/web\/index.php\/wp-json\/wp\/v2\/posts"}],"about":[{"href":"https:\/\/diariorepublica.com.ar\/web\/index.php\/wp-json\/wp\/v2\/types\/post"}],"author":[{"embeddable":true,"href":"https:\/\/diariorepublica.com.ar\/web\/index.php\/wp-json\/wp\/v2\/users\/1"}],"replies":[{"embeddable":true,"href":"https:\/\/diariorepublica.com.ar\/web\/index.php\/wp-json\/wp\/v2\/comments?post=3010"}],"version-history":[{"count":1,"href":"https:\/\/diariorepublica.com.ar\/web\/index.php\/wp-json\/wp\/v2\/posts\/3010\/revisions"}],"predecessor-version":[{"id":3012,"href":"https:\/\/diariorepublica.com.ar\/web\/index.php\/wp-json\/wp\/v2\/posts\/3010\/revisions\/3012"}],"wp:featuredmedia":[{"embeddable":true,"href":"https:\/\/diariorepublica.com.ar\/web\/index.php\/wp-json\/wp\/v2\/media\/3011"}],"wp:attachment":[{"href":"https:\/\/diariorepublica.com.ar\/web\/index.php\/wp-json\/wp\/v2\/media?parent=3010"}],"wp:term":[{"taxonomy":"category","embeddable":true,"href":"https:\/\/diariorepublica.com.ar\/web\/index.php\/wp-json\/wp\/v2\/categories?post=3010"},{"taxonomy":"post_tag","embeddable":true,"href":"https:\/\/diariorepublica.com.ar\/web\/index.php\/wp-json\/wp\/v2\/tags?post=3010"}],"curies":[{"name":"wp","href":"https:\/\/api.w.org\/{rel}","templated":true}]}}