{"id":3022,"date":"2023-05-19T17:59:37","date_gmt":"2023-05-19T20:59:37","guid":{"rendered":"https:\/\/diariorepublica.com.ar\/web\/?p=3022"},"modified":"2023-05-19T17:59:38","modified_gmt":"2023-05-19T20:59:38","slug":"escandalo-en-el-mundial-sub20-un-futbolista-iraqui-senalado-por-presunto-abuso-sexual-en-un-hotel-de-la-plata","status":"publish","type":"post","link":"https:\/\/diariorepublica.com.ar\/web\/index.php\/deportes\/2023\/05\/19\/escandalo-en-el-mundial-sub20-un-futbolista-iraqui-senalado-por-presunto-abuso-sexual-en-un-hotel-de-la-plata\/","title":{"rendered":"Esc\u00e1ndalo en el Mundial Sub20: Un futbolista iraqu\u00ed, se\u00f1alado por presunto abuso sexual en un hotel de La Plata"},"content":{"rendered":"<p>A pocas horas del inicio del Mundial Sub-20 en la Argentina, un futbolista de Irak que se aloja junto a la delegaci\u00f3n de su pa\u00eds en La Plata a la espera del debut del pr\u00f3ximo domingo fue acusado por presunto abuso sexual a una empleada del restaurante del hotel, quien hasta el momento se neg\u00f3 a realizar la denuncia policial y prefiri\u00f3 mantener su identidad en reserva, como tambi\u00e9n la del abusador, informaron hoy fuentes judiciales.<\/p>\n<p>El caso ocurri\u00f3 en el restaurante del \u00faltimo piso del\u00a0<strong>hotel Dazzler, ubicado en la calle 54 entre 13 y 14, frente a Plaza Moreno de la capital bonaerense<\/strong>, y motiv\u00f3 un amplio despliegue de seguridad.<\/p>\n<p>Hasta el momento, la v\u00edctima se neg\u00f3 a radicar una denuncia formal ante las autoridades, pero el caso, que involucra a otros episodios de\u00a0<strong>mal comportamiento de la delegaci\u00f3n,<\/strong>\u00a0trascendi\u00f3 hoy y est\u00e1 en proceso de investigaci\u00f3n, informaron a T\u00e9lam fuentes judiciales.<\/p>\n<p>El hecho de abuso se habr\u00eda registrado el jueves cuando uno de los futbolistas \u00e1rabes, cuyo nombre no fue dado a conocer, forz\u00f3 y toc\u00f3 partes \u00edntimas de la\u00a0<strong>empleada del restaurante.<\/strong><\/p>\n<p><strong>La joven comenz\u00f3 a gritar y ello motiv\u00f3 la intervenci\u00f3n del personal de seguridad del hotel<\/strong>, que de inmediato dio aviso a los agentes apostados en el lugar por cuestiones de seguridad mientras se desarrolla el Mundial Sub-20.<\/p>\n<p>Los agentes entrevistaron a la joven y ella dio cuenta de lo ocurrido pero<strong>\u00a0decidi\u00f3 no materializar la denuncia<\/strong>, lo que impide el progreso de una acci\u00f3n penal hacia el acusado.<\/p>\n<p>De todos modos, la fiscal\u00eda a cargo de \u00c1lvaro Garganta solicit\u00f3 un informe al Jefe de la Departamental La Plata, Sebasti\u00e1n Perea.<\/p>\n<p>En el lugar actuaron autoridades del Ministerio de Seguridad Bonaerense. Hubo reuni\u00f3n entre el personal del hotel, del consulado, de FIFA, entre la v\u00edctima y el victimario.<\/p>\n<p>Adem\u00e1s, seg\u00fan informaron fuentes policiales, la delegaci\u00f3n iraqu\u00ed tuvo malos comportamientos desde su llegada.<\/p>\n<p>Algunos de sus miembros se pasearon por la recepci\u00f3n del hotel en ropa interior, activaron en forma intencional el sistema de alarma de incendios, maltrataron a una traductora y forzaron un ascensor por haber sido utilizado con sobrepeso. (T\u00e9lam)<\/p>\n","protected":false},"excerpt":{"rendered":"<p>A pocas horas del inicio del Mundial Sub-20 en la Argentina, un futbolista de Irak que se aloja junto a<\/p>\n","protected":false},"author":1,"featured_media":3053,"comment_status":"closed","ping_status":"closed","sticky":false,"template":"","format":"standard","meta":{"footnotes":"","jetpack_publicize_message":"","jetpack_publicize_feature_enabled":true,"jetpack_social_post_already_shared":false,"jetpack_social_options":{"image_generator_settings":{"template":"highway","enabled":false},"version":2}},"categories":[9],"tags":[],"class_list":["post-3022","post","type-post","status-publish","format-standard","has-post-thumbnail","hentry","category-deportes"],"jetpack_publicize_connections":[],"_links":{"self":[{"href":"https:\/\/diariorepublica.com.ar\/web\/index.php\/wp-json\/wp\/v2\/posts\/3022"}],"collection":[{"href":"https:\/\/diariorepublica.com.ar\/web\/index.php\/wp-json\/wp\/v2\/posts"}],"about":[{"href":"https:\/\/diariorepublica.com.ar\/web\/index.php\/wp-json\/wp\/v2\/types\/post"}],"author":[{"embeddable":true,"href":"https:\/\/diariorepublica.com.ar\/web\/index.php\/wp-json\/wp\/v2\/users\/1"}],"replies":[{"embeddable":true,"href":"https:\/\/diariorepublica.com.ar\/web\/index.php\/wp-json\/wp\/v2\/comments?post=3022"}],"version-history":[{"count":1,"href":"https:\/\/diariorepublica.com.ar\/web\/index.php\/wp-json\/wp\/v2\/posts\/3022\/revisions"}],"predecessor-version":[{"id":3054,"href":"https:\/\/diariorepublica.com.ar\/web\/index.php\/wp-json\/wp\/v2\/posts\/3022\/revisions\/3054"}],"wp:featuredmedia":[{"embeddable":true,"href":"https:\/\/diariorepublica.com.ar\/web\/index.php\/wp-json\/wp\/v2\/media\/3053"}],"wp:attachment":[{"href":"https:\/\/diariorepublica.com.ar\/web\/index.php\/wp-json\/wp\/v2\/media?parent=3022"}],"wp:term":[{"taxonomy":"category","embeddable":true,"href":"https:\/\/diariorepublica.com.ar\/web\/index.php\/wp-json\/wp\/v2\/categories?post=3022"},{"taxonomy":"post_tag","embeddable":true,"href":"https:\/\/diariorepublica.com.ar\/web\/index.php\/wp-json\/wp\/v2\/tags?post=3022"}],"curies":[{"name":"wp","href":"https:\/\/api.w.org\/{rel}","templated":true}]}}