{"id":3033,"date":"2023-05-19T08:59:54","date_gmt":"2023-05-19T11:59:54","guid":{"rendered":"https:\/\/diariorepublica.com.ar\/web\/?p=3033"},"modified":"2023-05-19T08:59:55","modified_gmt":"2023-05-19T11:59:55","slug":"se-acabaron-las-especulaciones-el-gobierno-confirmo-la-fechas-de-las-elecciones","status":"publish","type":"post","link":"https:\/\/diariorepublica.com.ar\/web\/index.php\/politica\/2023\/05\/19\/se-acabaron-las-especulaciones-el-gobierno-confirmo-la-fechas-de-las-elecciones\/","title":{"rendered":"Se acabaron las especulaciones, el Gobierno confirm\u00f3 la fechas de las elecciones"},"content":{"rendered":"<p>Mediante el Decreto N\u00b01233\/23, el Poder Ejecutivo Provincial oficializ\u00f3 la convocatoria de las Elecciones Primarias, Abiertas, Simult\u00e1neas y Obligatorias (PASO) para el pr\u00f3ximo domingo 13 de agosto y las Elecciones Generales para el 22 de octubre, en forma simult\u00e1nea con las elecciones para cargos nacionales<\/p>\n<p>En la ocasi\u00f3n, la PASO ser\u00e1 para elecci\u00f3n de candidatos a Gobernador y Vicegobernador de la Provincia y 20 candidatos a diputados provinciales y seis suplentes; y en los departamentos Ambato, Andalgal\u00e1, Bel\u00e9n, Capital, Fray Mamerto Esqui\u00fa, Pom\u00e1n, Santa Rosa y Valle Viejo, la elecci\u00f3n de un candidato a senador titular y un candidato a senador suplente.<\/p>\n<p>En tanto que, en las Elecciones Generales del 22 de octubre, en simultaneidad con las nacionales, se elegir\u00e1 a los cargos antes mencionados.Desde el Ejecutivo se invita a las municipalidades de la provincia a adherir al decreto disponiendo las pertinentes convocatorias a elecciones Primarias, Abiertas, Simult\u00e1neas y Obligatorias y, a Elecciones Generales.<\/p>\n","protected":false},"excerpt":{"rendered":"<p>Mediante el Decreto N\u00b01233\/23, el Poder Ejecutivo Provincial oficializ\u00f3 la convocatoria de las Elecciones Primarias, Abiertas, Simult\u00e1neas y Obligatorias (PASO)<\/p>\n","protected":false},"author":2,"featured_media":3034,"comment_status":"closed","ping_status":"closed","sticky":false,"template":"","format":"standard","meta":{"footnotes":"","jetpack_publicize_message":"","jetpack_publicize_feature_enabled":true,"jetpack_social_post_already_shared":false,"jetpack_social_options":{"image_generator_settings":{"template":"highway","enabled":false},"version":2}},"categories":[12],"tags":[],"class_list":["post-3033","post","type-post","status-publish","format-standard","has-post-thumbnail","hentry","category-politica"],"jetpack_publicize_connections":[],"_links":{"self":[{"href":"https:\/\/diariorepublica.com.ar\/web\/index.php\/wp-json\/wp\/v2\/posts\/3033"}],"collection":[{"href":"https:\/\/diariorepublica.com.ar\/web\/index.php\/wp-json\/wp\/v2\/posts"}],"about":[{"href":"https:\/\/diariorepublica.com.ar\/web\/index.php\/wp-json\/wp\/v2\/types\/post"}],"author":[{"embeddable":true,"href":"https:\/\/diariorepublica.com.ar\/web\/index.php\/wp-json\/wp\/v2\/users\/2"}],"replies":[{"embeddable":true,"href":"https:\/\/diariorepublica.com.ar\/web\/index.php\/wp-json\/wp\/v2\/comments?post=3033"}],"version-history":[{"count":1,"href":"https:\/\/diariorepublica.com.ar\/web\/index.php\/wp-json\/wp\/v2\/posts\/3033\/revisions"}],"predecessor-version":[{"id":3035,"href":"https:\/\/diariorepublica.com.ar\/web\/index.php\/wp-json\/wp\/v2\/posts\/3033\/revisions\/3035"}],"wp:featuredmedia":[{"embeddable":true,"href":"https:\/\/diariorepublica.com.ar\/web\/index.php\/wp-json\/wp\/v2\/media\/3034"}],"wp:attachment":[{"href":"https:\/\/diariorepublica.com.ar\/web\/index.php\/wp-json\/wp\/v2\/media?parent=3033"}],"wp:term":[{"taxonomy":"category","embeddable":true,"href":"https:\/\/diariorepublica.com.ar\/web\/index.php\/wp-json\/wp\/v2\/categories?post=3033"},{"taxonomy":"post_tag","embeddable":true,"href":"https:\/\/diariorepublica.com.ar\/web\/index.php\/wp-json\/wp\/v2\/tags?post=3033"}],"curies":[{"name":"wp","href":"https:\/\/api.w.org\/{rel}","templated":true}]}}