{"id":3062,"date":"2023-05-19T20:51:00","date_gmt":"2023-05-19T23:51:00","guid":{"rendered":"https:\/\/diariorepublica.com.ar\/web\/?p=3062"},"modified":"2023-05-19T18:52:26","modified_gmt":"2023-05-19T21:52:26","slug":"raul-entrego-un-nuevo-barrio-en-tinogasta","status":"publish","type":"post","link":"https:\/\/diariorepublica.com.ar\/web\/index.php\/locales\/2023\/05\/19\/raul-entrego-un-nuevo-barrio-en-tinogasta\/","title":{"rendered":"Ra\u00fal entreg\u00f3 un nuevo barrio en Tinogasta"},"content":{"rendered":"<p>Durante este viernes se realiz\u00f3 una nueva entrega de viviendas sociales en el interior provincial. Fueron 48 viviendas en el distrito Santa Rosa (Tinogasta), donde m\u00e1s familias tinogaste\u00f1as cumplieron el sue\u00f1o de recibir las llaves de sus hogares.<\/p>\n<p>El acto estuvo encabezado por el gobernador Ra\u00fal Jalil, junto al intendente de Tinogasta, Sebasti\u00e1n N\u00f3blega, y el ministro de Vivienda y Urbanizaci\u00f3n, Fidel S\u00e1enz.<\/p>\n<p>En lo que va del a\u00f1o, la Provincia lleva entregadas m\u00e1s de 500 viviendas sociales en todo el territorio catamarque\u00f1o. A trav\u00e9s del programa nacional Casa Propia, se otorgaron 200 viviendas sociales y mediante fondos provinciales m\u00e1s de 300 familias tienen su vivienda propia. Estas son casas totalmente gratuitas que el Gobierno otorga a familias en situaci\u00f3n de vulnerabilidad.<\/p>\n<p>Los flamantes hogares, que forman el Barrio 48 viviendas, cuentan con una superficie de 63.30 m2, dos dormitorios, muros dobles seg\u00fan orientaciones, persianas PVC, p\u00e9rgolas en espacio intermedio, termotanque solar, cisterna soterrada y bomba, arbolada, entre otros elementos.<\/p>\n<p>El\u00a0<strong>gobernador Ra\u00fal<\/strong>\u00a0Jalil remarc\u00f3 que la nueva entrega es \u201cgracias al trabajo en conjunto de Naci\u00f3n, Provincia y municipio\u00bb y que \u00abesta sinergia nos permite que m\u00e1s familias tengan\u00a0su casa gratuita\u201d.<\/p>\n<p>Y manifest\u00f3 que \u201cmuchos pagaban alquiler y ahora van a poder destinar ese dinero para otras cosas. Pero una casa no es solo eso, sino que tambi\u00e9n brinda trabajo a obreros, que los veo por aqu\u00ed, y a ellos les digo que vamos a continuar con la obra p\u00fablica en toda la provincia\u201d.<\/p>\n<p>En el final de su discurso, valor\u00f3 todas las obras que se vienen realizando en el Oeste con aportes de Naci\u00f3n y fondos mineros gracias a la decisi\u00f3n de que los recursos de la miner\u00eda queden en su lugar de origen.<\/p>\n<p>\u201cTanto en Tinogasta como en Fiambal\u00e1 venimos realizando muchas obras gracias a los fondos mineros y el aporte de Naci\u00f3n. Ya firm\u00e9 la licitaci\u00f3n para la construcci\u00f3n de la Escuela T\u00e9cnica, en unos d\u00edas vamos a inaugurar la Ruta 3, donde nos acompa\u00f1ar\u00e1 el gobernador de La Rioja, Ricardo Quintela. Es una ruta con historia, que potenciar\u00e1 el turismo y la infraestructura vial\u201d, coment\u00f3 Ra\u00fal.<\/p>\n<p>El\u00a0<strong>intendente N\u00f3blega<\/strong>\u00a0destac\u00f3 al Gobernador \u201cpor su mirada y su sensibilidad con los m\u00e1s humildes. Somos de una generaci\u00f3n que empez\u00f3 con Luc\u00eda y continu\u00f3 con Ra\u00fal pensando en la transformaci\u00f3n de Catamarca y en seguir creciendo\u201d, dijo.<\/p>\n<p>Con esa meta destac\u00f3 la pronta inauguraci\u00f3n de la Ruta Provincial N\u00b0 3, m\u00e1s viviendas, rutas, el Parque Solar, cloacas y Planta de Efluentes, entre otras que se ejecutan en el departamento.<\/p>\n<p>\u201cTinogasta est\u00e1 de pie. Gracias a Ra\u00fal por acompa\u00f1arnos una vez m\u00e1s. Como lo dijimos con los intendentes, este es un proyecto pol\u00edtico que contin\u00faa con obras para el presente y el futuro\u201d, cerr\u00f3.<\/p>\n<p>Por \u00faltimo, el\u00a0<strong>ministro Fidel Saenz<\/strong>\u00a0expres\u00f3 que \u201ceste es un gobierno que escucha y pone la mirada en las familias que nos necesitan. Pensamos en cada catamarque\u00f1o, estamos en un momento dif\u00edcil, pero hoy podemos entregar m\u00e1s viviendas porque hay un gobierno que escucha\u201d.<\/p>\n<p>Y remarc\u00f3 que \u201cno todos los gobiernos son iguales, ni tienen el concepto de dignidad humana, como lo tienen los gobiernos peronistas. Es necesario que nuestro pueblo no se confunda. Hay mucha publicidad de medios malintencionada. Ellos saben que el peronismo gobierna para las mayor\u00edas, y all\u00ed est\u00e1 Catamarca incluida\u201d, concluy\u00f3.<\/p>\n<p><strong>Valeria Noem\u00ed Gonz\u00e1lez<\/strong>, vecina beneficiada con la vivienda, expres\u00f3 toda su emoci\u00f3n al recibir las llaves. \u201cNo tengo palabras para agradecer. Hace muchos a\u00f1os vengo esperando por la casa y pensaba que no iba a llegar este d\u00eda. Me cri\u00e9 luchando, trabajando, y gracias al apoyo del municipio pude gestionar la vivienda en la Provincia. Ahora la quiero disfrutarla con mi hijo\u201d, manifest\u00f3 entre l\u00e1grimas de emoci\u00f3n.<\/p>\n<p>Durante la entrega tambi\u00e9n estuvieron presentes el vicegobernador Rub\u00e9n Dusso; el senador provincial por Tinogasta, Jos\u00e9 Alaniz; el director Provincial de Viviendas y Ejecuci\u00f3n de Obras, Mart\u00edn G\u00f3mez, entre otras autoridades.<\/p>\n","protected":false},"excerpt":{"rendered":"<p>Durante este viernes se realiz\u00f3 una nueva entrega de viviendas sociales en el interior provincial. Fueron 48 viviendas en el<\/p>\n","protected":false},"author":1,"featured_media":3063,"comment_status":"closed","ping_status":"closed","sticky":false,"template":"","format":"standard","meta":{"footnotes":"","jetpack_publicize_message":"","jetpack_publicize_feature_enabled":true,"jetpack_social_post_already_shared":false,"jetpack_social_options":{"image_generator_settings":{"template":"highway","enabled":false},"version":2}},"categories":[2],"tags":[],"class_list":["post-3062","post","type-post","status-publish","format-standard","has-post-thumbnail","hentry","category-locales"],"jetpack_publicize_connections":[],"_links":{"self":[{"href":"https:\/\/diariorepublica.com.ar\/web\/index.php\/wp-json\/wp\/v2\/posts\/3062"}],"collection":[{"href":"https:\/\/diariorepublica.com.ar\/web\/index.php\/wp-json\/wp\/v2\/posts"}],"about":[{"href":"https:\/\/diariorepublica.com.ar\/web\/index.php\/wp-json\/wp\/v2\/types\/post"}],"author":[{"embeddable":true,"href":"https:\/\/diariorepublica.com.ar\/web\/index.php\/wp-json\/wp\/v2\/users\/1"}],"replies":[{"embeddable":true,"href":"https:\/\/diariorepublica.com.ar\/web\/index.php\/wp-json\/wp\/v2\/comments?post=3062"}],"version-history":[{"count":1,"href":"https:\/\/diariorepublica.com.ar\/web\/index.php\/wp-json\/wp\/v2\/posts\/3062\/revisions"}],"predecessor-version":[{"id":3064,"href":"https:\/\/diariorepublica.com.ar\/web\/index.php\/wp-json\/wp\/v2\/posts\/3062\/revisions\/3064"}],"wp:featuredmedia":[{"embeddable":true,"href":"https:\/\/diariorepublica.com.ar\/web\/index.php\/wp-json\/wp\/v2\/media\/3063"}],"wp:attachment":[{"href":"https:\/\/diariorepublica.com.ar\/web\/index.php\/wp-json\/wp\/v2\/media?parent=3062"}],"wp:term":[{"taxonomy":"category","embeddable":true,"href":"https:\/\/diariorepublica.com.ar\/web\/index.php\/wp-json\/wp\/v2\/categories?post=3062"},{"taxonomy":"post_tag","embeddable":true,"href":"https:\/\/diariorepublica.com.ar\/web\/index.php\/wp-json\/wp\/v2\/tags?post=3062"}],"curies":[{"name":"wp","href":"https:\/\/api.w.org\/{rel}","templated":true}]}}